{"id":2420,"date":"2010-08-14T09:25:04","date_gmt":"2010-08-14T08:25:04","guid":{"rendered":"http:\/\/www.eva.sundstrom.st\/?p=2420"},"modified":"2010-08-14T09:25:04","modified_gmt":"2010-08-14T08:25:04","slug":"dax-att-knyta-ihop","status":"publish","type":"post","link":"https:\/\/eva.sundstrom.st\/?p=2420","title":{"rendered":"Dax att knyta ihop."},"content":{"rendered":"<p>S\u00e5 har det blivit tid att summera 2010 \u00e5rs semester.<br \/>\nDen startade h\u00e4ftigt d\u00e5 huset &#8221;invaderades&#8221; av barn, barnbarn och hundar.<br \/>\nEn efterl\u00e4ngtad och trevlig invasion.<br \/>\nSedan var det n\u00e5gra lugnare dagar med plock av stort och sm\u00e5tt h\u00e4r hemma.<br \/>\nGarderobsr\u00f6j och st\u00e4dning av f\u00f6rr\u00e5d. <\/p>\n<p>Yngste sonen skulle jag f\u00e5 ha hemma heela l\u00e5\u00e5\u00e5\u00e5nga sommarlovet, vart tog det v\u00e4gen?<br \/>\nHan var hemma och det var h\u00e4rlig men nu \u00e4r han hemma hos sig igen.<\/p>\n<p>F\u00f6rra helgen och i b\u00f6rjan p\u00e5 veckan var vi ute och \u00e5kte en tur. Ner\u00e5t landet f\u00f6r omv\u00e4xlings skull.  Under m\u00e5nga \u00e5r har vi mest \u00e5kt norr\u00f6ver f\u00f6r att h\u00e4lsa p\u00e5 n\u00e4ra och k\u00e4ra men det l\u00e4r bli \u00e4ndring p\u00e5 det nu.<br \/>\nVi h\u00e4lsade p\u00e5 syster och barn, barnbarn.<\/p>\n<p>S\u00e5g mycket vackert och upplevde m\u00e5nga gooa stunder.<\/p>\n<p>Friskt vatten som porlar har jag sv\u00e5rt att se mig m\u00e4tt p\u00e5<\/p>\n<p><a href=\"http:\/\/www.eva.sundstrom.st\/wp-content\/upload\/DSC06542.jpg\"><img loading=\"lazy\" decoding=\"async\" src=\"http:\/\/www.eva.sundstrom.st\/wp-content\/upload\/DSC06542.jpg\" alt=\"\" title=\"DSC06542\" width=\"491\" height=\"368\" class=\"aligncenter size-full wp-image-2422\" srcset=\"https:\/\/eva.sundstrom.st\/wp-content\/upload\/DSC06542.jpg 491w, https:\/\/eva.sundstrom.st\/wp-content\/upload\/DSC06542-300x224.jpg 300w\" sizes=\"auto, (max-width: 491px) 100vw, 491px\" \/><\/a><\/p>\n<p>H\u00e4r vid foten av denna mossomg\u00e4rdade trappa s\u00e4tter fantasin fart<\/p>\n<p><a href=\"http:\/\/www.eva.sundstrom.st\/wp-content\/upload\/DSC06543.jpg\"><img loading=\"lazy\" decoding=\"async\" src=\"http:\/\/www.eva.sundstrom.st\/wp-content\/upload\/DSC06543.jpg\" alt=\"\" title=\"DSC06543\" width=\"368\" height=\"491\" class=\"aligncenter size-full wp-image-2423\" srcset=\"https:\/\/eva.sundstrom.st\/wp-content\/upload\/DSC06543.jpg 368w, https:\/\/eva.sundstrom.st\/wp-content\/upload\/DSC06543-224x300.jpg 224w\" sizes=\"auto, (max-width: 368px) 100vw, 368px\" \/><\/a><\/p>\n<p>Tror jag med \u00e5ren blivit f\u00f6rtjust i trappor. Inte att g\u00e5 i dom men tankarna som v\u00e4cks!<\/p>\n<p>Sedan m\u00e5ste jag erk\u00e4nna att garnlagret har ut\u00f6kats. <\/p>\n<p>Dotra mi  visade mig denna aff\u00e4r och det slutade ju som det gjorde<\/p>\n<p><a href=\"http:\/\/www.eva.sundstrom.st\/wp-content\/upload\/DSC06558.jpg\"><img loading=\"lazy\" decoding=\"async\" src=\"http:\/\/www.eva.sundstrom.st\/wp-content\/upload\/DSC06558.jpg\" alt=\"\" title=\"DSC06558\" width=\"491\" height=\"368\" class=\"aligncenter size-full wp-image-2426\" srcset=\"https:\/\/eva.sundstrom.st\/wp-content\/upload\/DSC06558.jpg 491w, https:\/\/eva.sundstrom.st\/wp-content\/upload\/DSC06558-300x224.jpg 300w\" sizes=\"auto, (max-width: 491px) 100vw, 491px\" \/><\/a><\/p>\n<p>Men jag h\u00f6ll h\u00e5rt i pl\u00e5nboken<\/p>\n<p><a href=\"http:\/\/www.eva.sundstrom.st\/wp-content\/upload\/DSC06557.jpg\"><img loading=\"lazy\" decoding=\"async\" src=\"http:\/\/www.eva.sundstrom.st\/wp-content\/upload\/DSC06557.jpg\" alt=\"\" title=\"DSC06557\" width=\"491\" height=\"368\" class=\"aligncenter size-full wp-image-2427\" srcset=\"https:\/\/eva.sundstrom.st\/wp-content\/upload\/DSC06557.jpg 491w, https:\/\/eva.sundstrom.st\/wp-content\/upload\/DSC06557-300x224.jpg 300w\" sizes=\"auto, (max-width: 491px) 100vw, 491px\" \/><\/a><\/p>\n<p>Och det var bara s\u00e5dant jag VERKLIGEN beh\u00f6vde som fick f\u00f6lja med.<\/p>\n<p><a href=\"http:\/\/www.eva.sundstrom.st\/wp-content\/upload\/DSC06554.jpg\"><img loading=\"lazy\" decoding=\"async\" src=\"http:\/\/www.eva.sundstrom.st\/wp-content\/upload\/DSC06554.jpg\" alt=\"\" title=\"DSC06554\" width=\"491\" height=\"368\" class=\"aligncenter size-full wp-image-2428\" srcset=\"https:\/\/eva.sundstrom.st\/wp-content\/upload\/DSC06554.jpg 491w, https:\/\/eva.sundstrom.st\/wp-content\/upload\/DSC06554-300x224.jpg 300w\" sizes=\"auto, (max-width: 491px) 100vw, 491px\" \/><\/a><\/p>\n<p>Vi fick \u00e4ven bes\u00f6ka R o G.<br \/>\nD\u00e4r bj\u00f6ds vi p\u00e5 sm\u00f6rg\u00e5s och bullar och kakor. <\/p>\n<p><a href=\"http:\/\/www.eva.sundstrom.st\/wp-content\/upload\/DSC06563.jpg\"><img loading=\"lazy\" decoding=\"async\" src=\"http:\/\/www.eva.sundstrom.st\/wp-content\/upload\/DSC06563.jpg\" alt=\"\" title=\"DSC06563\" width=\"315\" height=\"242\" class=\"aligncenter size-full wp-image-2430\" srcset=\"https:\/\/eva.sundstrom.st\/wp-content\/upload\/DSC06563.jpg 315w, https:\/\/eva.sundstrom.st\/wp-content\/upload\/DSC06563-300x230.jpg 300w\" sizes=\"auto, (max-width: 315px) 100vw, 315px\" \/><\/a><\/p>\n<p>Och t\u00e5rta med hallon som lilleman verkligen \u00e4lskar.<\/p>\n<p>I Rs tr\u00e4dg\u00e5rd fanns mycket att besk\u00e5da.<br \/>\nJag bara p\u00e5 kameran hela tiden men kom inte ih\u00e5g att ta kort mer \u00e4n en g\u00e5ng.<\/p>\n<p><a href=\"http:\/\/www.eva.sundstrom.st\/wp-content\/upload\/DSC06564.jpg\"><img loading=\"lazy\" decoding=\"async\" src=\"http:\/\/www.eva.sundstrom.st\/wp-content\/upload\/DSC06564.jpg\" alt=\"\" title=\"DSC06564\" width=\"491\" height=\"368\" class=\"aligncenter size-full wp-image-2431\" srcset=\"https:\/\/eva.sundstrom.st\/wp-content\/upload\/DSC06564.jpg 491w, https:\/\/eva.sundstrom.st\/wp-content\/upload\/DSC06564-300x224.jpg 300w\" sizes=\"auto, (max-width: 491px) 100vw, 491px\" \/><\/a><\/p>\n<p>Det var p\u00e5 denna om jag tror heter praktklocka.<br \/>\nOm ni l\u00e4ser detta R o G s\u00e5 m\u00e5ste ni r\u00e4tta mig om jag minns fel.<\/p>\n<p>N\u00e4r vi kom hem gick jag p\u00e5 en inspektionsrunda i tr\u00e4dg\u00e5rden.<br \/>\nHar tidigare i sommar funderat p\u00e5 vad som kom upp i min &#8221;stenrabatt&#8221;. Kunde inte komma ih\u00e5g att jag satt ner n\u00e5got d\u00e4r.<\/p>\n<p>Nu hade den slagit ut och jag undrar om det kan vara samma som R har.<br \/>\nMin ser ut s\u00e5 h\u00e4r och \u00e4r max 20 cm h\u00f6g nu.<\/p>\n<p><a href=\"http:\/\/www.eva.sundstrom.st\/wp-content\/upload\/DSC06569.jpg\"><img loading=\"lazy\" decoding=\"async\" src=\"http:\/\/www.eva.sundstrom.st\/wp-content\/upload\/DSC06569.jpg\" alt=\"\" title=\"DSC06569\" width=\"491\" height=\"368\" class=\"aligncenter size-full wp-image-2425\" srcset=\"https:\/\/eva.sundstrom.st\/wp-content\/upload\/DSC06569.jpg 491w, https:\/\/eva.sundstrom.st\/wp-content\/upload\/DSC06569-300x224.jpg 300w\" sizes=\"auto, (max-width: 491px) 100vw, 491px\" \/><\/a><\/p>\n<p><a href=\"http:\/\/www.eva.sundstrom.st\/wp-content\/upload\/DSC06570.jpg\"><img loading=\"lazy\" decoding=\"async\" src=\"http:\/\/www.eva.sundstrom.st\/wp-content\/upload\/DSC06570.jpg\" alt=\"\" title=\"DSC06570\" width=\"491\" height=\"368\" class=\"aligncenter size-full wp-image-2424\" srcset=\"https:\/\/eva.sundstrom.st\/wp-content\/upload\/DSC06570.jpg 491w, https:\/\/eva.sundstrom.st\/wp-content\/upload\/DSC06570-300x224.jpg 300w\" sizes=\"auto, (max-width: 491px) 100vw, 491px\" \/><\/a><\/p>\n<p>P\u00e5 m\u00e5ndag b\u00f6rjar jobbet om. Det k\u00e4nns lite motigt nu fast samtidigt ser jag fram emot att komma ig\u00e5ng igen. F\u00e5 tr\u00e4ffa och prata med pension\u00e4rerna och kollegor.<br \/>\nTycker jag haft en riktigt bra semester.<\/p>\n<p>Nu ska jag tv\u00e4tta ull och spinna garn.<br \/>\nEn kv\u00e4ll till  veckan ska vi v\u00e4xtf\u00e4rga vid Gartorpet i H\u00e5hult.<br \/>\nDet ser jag verkligen fram emot.<br \/>\nHa det gott<\/p>\n","protected":false},"excerpt":{"rendered":"<p>S\u00e5 har det blivit tid att summera 2010 \u00e5rs semester. Den startade h\u00e4ftigt d\u00e5 huset &#8221;invaderades&#8221; av barn, barnbarn och hundar. En efterl\u00e4ngtad och trevlig invasion. Sedan var det n\u00e5gra lugnare dagar med plock av stort och sm\u00e5tt h\u00e4r hemma. Garderobsr\u00f6j och st\u00e4dning av f\u00f6rr\u00e5d. Yngste sonen skulle jag f\u00e5 ha hemma heela l\u00e5\u00e5\u00e5\u00e5nga sommarlovet, [&hellip;]<\/p>\n","protected":false},"author":1,"featured_media":0,"comment_status":"open","ping_status":"open","sticky":false,"template":"","format":"standard","meta":{"footnotes":""},"categories":[4,5,9,10],"tags":[],"class_list":["post-2420","post","type-post","status-publish","format-standard","hentry","category-allmant","category-fran-garnlagret","category-livet","category-vader"],"_links":{"self":[{"href":"https:\/\/eva.sundstrom.st\/index.php?rest_route=\/wp\/v2\/posts\/2420","targetHints":{"allow":["GET"]}}],"collection":[{"href":"https:\/\/eva.sundstrom.st\/index.php?rest_route=\/wp\/v2\/posts"}],"about":[{"href":"https:\/\/eva.sundstrom.st\/index.php?rest_route=\/wp\/v2\/types\/post"}],"author":[{"embeddable":true,"href":"https:\/\/eva.sundstrom.st\/index.php?rest_route=\/wp\/v2\/users\/1"}],"replies":[{"embeddable":true,"href":"https:\/\/eva.sundstrom.st\/index.php?rest_route=%2Fwp%2Fv2%2Fcomments&post=2420"}],"version-history":[{"count":5,"href":"https:\/\/eva.sundstrom.st\/index.php?rest_route=\/wp\/v2\/posts\/2420\/revisions"}],"predecessor-version":[{"id":2434,"href":"https:\/\/eva.sundstrom.st\/index.php?rest_route=\/wp\/v2\/posts\/2420\/revisions\/2434"}],"wp:attachment":[{"href":"https:\/\/eva.sundstrom.st\/index.php?rest_route=%2Fwp%2Fv2%2Fmedia&parent=2420"}],"wp:term":[{"taxonomy":"category","embeddable":true,"href":"https:\/\/eva.sundstrom.st\/index.php?rest_route=%2Fwp%2Fv2%2Fcategories&post=2420"},{"taxonomy":"post_tag","embeddable":true,"href":"https:\/\/eva.sundstrom.st\/index.php?rest_route=%2Fwp%2Fv2%2Ftags&post=2420"}],"curies":[{"name":"wp","href":"https:\/\/api.w.org\/{rel}","templated":true}]}}