{"id":2439,"date":"2010-08-19T21:29:13","date_gmt":"2010-08-19T20:29:13","guid":{"rendered":"http:\/\/www.eva.sundstrom.st\/?p=2439"},"modified":"2010-08-19T21:29:13","modified_gmt":"2010-08-19T20:29:13","slug":"oj-sa-roligt-vi-hade","status":"publish","type":"post","link":"https:\/\/eva.sundstrom.st\/?p=2439","title":{"rendered":"OJ, s\u00e5 roligt vi hade."},"content":{"rendered":"<p>I g\u00e5r kv\u00e4ll tr\u00e4ffades en g\u00e4ng damer i <a href=\"http:\/\/garntorpet.se\/\">Garntorpets k\u00e4llare<\/a><br \/>\nf\u00f6r att f\u00e4rga garn.<br \/>\nF\u00f6r flera av oss var det f\u00f6rsta g\u00e5ngen vi tr\u00e4ffades men jag hoppas det inte var den sista.<br \/>\nJag hade f\u00f6rkokt \u00c4lggr\u00e4s som skulle ge gr\u00f6nt garn. H\u00e4r ligger nu garnet i avsilade badet f\u00f6r uppv\u00e4rmning,<\/p>\n<p><a href=\"http:\/\/www.eva.sundstrom.st\/wp-content\/upload\/DSC06572.jpg\"><img loading=\"lazy\" decoding=\"async\" src=\"http:\/\/www.eva.sundstrom.st\/wp-content\/upload\/DSC06572.jpg\" alt=\"\" title=\"DSC06572\" width=\"491\" height=\"368\" class=\"aligncenter size-full wp-image-2448\" srcset=\"https:\/\/eva.sundstrom.st\/wp-content\/upload\/DSC06572.jpg 491w, https:\/\/eva.sundstrom.st\/wp-content\/upload\/DSC06572-300x224.jpg 300w\" sizes=\"auto, (max-width: 491px) 100vw, 491px\" \/><\/a><\/p>\n<p>Och badet med avkok fr\u00e5n Gullris skulle ge gult garn.<\/p>\n<p><a href=\"http:\/\/www.eva.sundstrom.st\/wp-content\/upload\/DSC06571.jpg\"><img loading=\"lazy\" decoding=\"async\" src=\"http:\/\/www.eva.sundstrom.st\/wp-content\/upload\/DSC06571.jpg\" alt=\"\" title=\"DSC06571\" width=\"491\" height=\"368\" class=\"aligncenter size-full wp-image-2449\" srcset=\"https:\/\/eva.sundstrom.st\/wp-content\/upload\/DSC06571.jpg 491w, https:\/\/eva.sundstrom.st\/wp-content\/upload\/DSC06571-300x224.jpg 300w\" sizes=\"auto, (max-width: 491px) 100vw, 491px\" \/><\/a><\/p>\n<p>Tydligen \u00e4r det m\u00e5nga faktorer som p\u00e5verkar resultatet. Jag la ner k\u00f6pt garn som var ljusgr\u00e5tt och m\u00f6rkgr\u00e5tt och n\u00e5gon h\u00e4rva vitt som jag spunnit sj\u00e4lv.<br \/>\nH\u00e4r \u00e4r resultatet.<\/p>\n<p><a href=\"http:\/\/www.eva.sundstrom.st\/wp-content\/upload\/DSC06585.jpg\"><img loading=\"lazy\" decoding=\"async\" src=\"http:\/\/www.eva.sundstrom.st\/wp-content\/upload\/DSC06585.jpg\" alt=\"\" title=\"DSC06585\" width=\"491\" height=\"368\" class=\"aligncenter size-full wp-image-2441\" srcset=\"https:\/\/eva.sundstrom.st\/wp-content\/upload\/DSC06585.jpg 491w, https:\/\/eva.sundstrom.st\/wp-content\/upload\/DSC06585-300x224.jpg 300w\" sizes=\"auto, (max-width: 491px) 100vw, 491px\" \/><\/a><\/p>\n<p>Kanske inte riktigt vad jag t\u00e4nkt mig men jag blev n\u00f6jd \u00e4nd\u00e5. Tycker de olika tonerna i gul-gr\u00f6nt g\u00e5r ihop med varandra. L\u00e4ngst till v\u00e4nster h\u00e4nger garn som aldrig hann ner i n\u00e5got bad.<\/p>\n<p>Andra f\u00e4rgade med lavendel, ljung och br\u00e4nn\u00e4sslor. Allt med blandat resultat.<\/p>\n<p><a href=\"http:\/\/www.eva.sundstrom.st\/wp-content\/upload\/DSC06583.jpg\"><img loading=\"lazy\" decoding=\"async\" src=\"http:\/\/www.eva.sundstrom.st\/wp-content\/upload\/DSC06583.jpg\" alt=\"\" title=\"DSC06583\" width=\"347\" height=\"337\" class=\"aligncenter size-full wp-image-2442\" srcset=\"https:\/\/eva.sundstrom.st\/wp-content\/upload\/DSC06583.jpg 347w, https:\/\/eva.sundstrom.st\/wp-content\/upload\/DSC06583-300x291.jpg 300w\" sizes=\"auto, (max-width: 347px) 100vw, 347px\" \/><\/a><\/p>\n<p> N\u00e5gon f\u00e4rgade idigobl\u00e5tt. <\/p>\n<p><a href=\"http:\/\/www.eva.sundstrom.st\/wp-content\/upload\/DSC06577.jpg\"><img loading=\"lazy\" decoding=\"async\" src=\"http:\/\/www.eva.sundstrom.st\/wp-content\/upload\/DSC06577.jpg\" alt=\"\" title=\"DSC06577\" width=\"368\" height=\"491\" class=\"aligncenter size-full wp-image-2445\" srcset=\"https:\/\/eva.sundstrom.st\/wp-content\/upload\/DSC06577.jpg 368w, https:\/\/eva.sundstrom.st\/wp-content\/upload\/DSC06577-224x300.jpg 224w\" sizes=\"auto, (max-width: 368px) 100vw, 368px\" \/><\/a><\/p>\n<p>N\u00e5gra microf\u00e4rgade.<\/p>\n<p><a href=\"http:\/\/www.eva.sundstrom.st\/wp-content\/upload\/DSC06576.jpg\"><img loading=\"lazy\" decoding=\"async\" src=\"http:\/\/www.eva.sundstrom.st\/wp-content\/upload\/DSC06576.jpg\" alt=\"\" title=\"DSC06576\" width=\"368\" height=\"491\" class=\"aligncenter size-full wp-image-2447\" srcset=\"https:\/\/eva.sundstrom.st\/wp-content\/upload\/DSC06576.jpg 368w, https:\/\/eva.sundstrom.st\/wp-content\/upload\/DSC06576-224x300.jpg 224w\" sizes=\"auto, (max-width: 368px) 100vw, 368px\" \/><\/a><\/p>\n<p><a href=\"http:\/\/www.eva.sundstrom.st\/wp-content\/upload\/DSC06581.jpg\"><img loading=\"lazy\" decoding=\"async\" src=\"http:\/\/www.eva.sundstrom.st\/wp-content\/upload\/DSC06581.jpg\" alt=\"\" title=\"DSC06581\" width=\"336\" height=\"368\" class=\"aligncenter size-full wp-image-2443\" srcset=\"https:\/\/eva.sundstrom.st\/wp-content\/upload\/DSC06581.jpg 336w, https:\/\/eva.sundstrom.st\/wp-content\/upload\/DSC06581-273x300.jpg 273w\" sizes=\"auto, (max-width: 336px) 100vw, 336px\" \/><\/a><\/p>\n<p>Ingrid bj\u00f6d, som vanligt p\u00e5 riktigt gott, fika inne i garntorpets kammare<\/p>\n<p><a href=\"http:\/\/www.eva.sundstrom.st\/wp-content\/upload\/DSC06578.jpg\"><img loading=\"lazy\" decoding=\"async\" src=\"http:\/\/www.eva.sundstrom.st\/wp-content\/upload\/DSC06578.jpg\" alt=\"\" title=\"DSC06578\" width=\"491\" height=\"368\" class=\"aligncenter size-full wp-image-2444\" srcset=\"https:\/\/eva.sundstrom.st\/wp-content\/upload\/DSC06578.jpg 491w, https:\/\/eva.sundstrom.st\/wp-content\/upload\/DSC06578-300x224.jpg 300w\" sizes=\"auto, (max-width: 491px) 100vw, 491px\" \/><\/a><br \/>\nDenna g\u00e5ng var det en underbar sallad med dressing och br\u00f6d, kaffe och te.<\/p>\n<p>Jag s\u00e4ger bara det.<\/p>\n<p>OJ VILKEN KV\u00c4LL!<\/p>\n<p>Jag var helt slut n\u00e4r jag kom hem.<\/p>\n<p>Det var helkul. Ett av vardagens guldkorn och gav verkligen mersmak.<br \/>\nHa det gott<\/p>\n","protected":false},"excerpt":{"rendered":"<p>I g\u00e5r kv\u00e4ll tr\u00e4ffades en g\u00e4ng damer i Garntorpets k\u00e4llare f\u00f6r att f\u00e4rga garn. F\u00f6r flera av oss var det f\u00f6rsta g\u00e5ngen vi tr\u00e4ffades men jag hoppas det inte var den sista. Jag hade f\u00f6rkokt \u00c4lggr\u00e4s som skulle ge gr\u00f6nt garn. H\u00e4r ligger nu garnet i avsilade badet f\u00f6r uppv\u00e4rmning, Och badet med avkok fr\u00e5n [&hellip;]<\/p>\n","protected":false},"author":1,"featured_media":0,"comment_status":"open","ping_status":"open","sticky":false,"template":"","format":"standard","meta":{"footnotes":""},"categories":[4,9],"tags":[],"class_list":["post-2439","post","type-post","status-publish","format-standard","hentry","category-allmant","category-livet"],"_links":{"self":[{"href":"https:\/\/eva.sundstrom.st\/index.php?rest_route=\/wp\/v2\/posts\/2439","targetHints":{"allow":["GET"]}}],"collection":[{"href":"https:\/\/eva.sundstrom.st\/index.php?rest_route=\/wp\/v2\/posts"}],"about":[{"href":"https:\/\/eva.sundstrom.st\/index.php?rest_route=\/wp\/v2\/types\/post"}],"author":[{"embeddable":true,"href":"https:\/\/eva.sundstrom.st\/index.php?rest_route=\/wp\/v2\/users\/1"}],"replies":[{"embeddable":true,"href":"https:\/\/eva.sundstrom.st\/index.php?rest_route=%2Fwp%2Fv2%2Fcomments&post=2439"}],"version-history":[{"count":6,"href":"https:\/\/eva.sundstrom.st\/index.php?rest_route=\/wp\/v2\/posts\/2439\/revisions"}],"predecessor-version":[{"id":2453,"href":"https:\/\/eva.sundstrom.st\/index.php?rest_route=\/wp\/v2\/posts\/2439\/revisions\/2453"}],"wp:attachment":[{"href":"https:\/\/eva.sundstrom.st\/index.php?rest_route=%2Fwp%2Fv2%2Fmedia&parent=2439"}],"wp:term":[{"taxonomy":"category","embeddable":true,"href":"https:\/\/eva.sundstrom.st\/index.php?rest_route=%2Fwp%2Fv2%2Fcategories&post=2439"},{"taxonomy":"post_tag","embeddable":true,"href":"https:\/\/eva.sundstrom.st\/index.php?rest_route=%2Fwp%2Fv2%2Ftags&post=2439"}],"curies":[{"name":"wp","href":"https:\/\/api.w.org\/{rel}","templated":true}]}}