{"id":2454,"date":"2010-08-21T08:59:16","date_gmt":"2010-08-21T07:59:16","guid":{"rendered":"http:\/\/www.eva.sundstrom.st\/?p=2454"},"modified":"2010-08-21T08:59:16","modified_gmt":"2010-08-21T07:59:16","slug":"oj-vad-det-regnar","status":"publish","type":"post","link":"https:\/\/eva.sundstrom.st\/?p=2454","title":{"rendered":"OJ, vad det regnar."},"content":{"rendered":"<p>\u00c4r det nu allt regn kommer som borde kommit f\u00f6re och runt midsommar?<\/p>\n<p>Har nystat mitt garn nu och det ska f\u00e5 f\u00f6lja med till f\u00f6rsta stickcaf\u00e9t i <a href=\"http:\/\/garntorpet.se\">Garntorpet<\/a> Tanken, just nu, \u00e4r att det ska bli  en sjal av n\u00e5got slag. R\u00e4knar med att f\u00e5 lite tips av Ingrid.<\/p>\n<p>P\u00e5 l\u00f6rdag, den 28\/8 \u00e4r det marknad i Sannerud och tanken \u00e4r att jag ska vara med d\u00e4r. Har inte s\u00e5 mycket sockor i \u00e5r men det finns en hel del sjalar kvar och n\u00e5gra halsv\u00e4rmare.<\/p>\n<p>Det har inte blivit s\u00e5 mycket strumpstickning under \u00e5ret. Dels f\u00f6r det onda som kom nu i sommar och under h\u00f6sten stickades en del babysaker. <\/p>\n<p>Har \u00e4nd\u00e5 f\u00e5tt till ett nytt par och har b\u00f6rjat p\u00e5 ytterligare ett som nog ska hinna bli f\u00e4rdiga.<br \/>\n\u00d6nskar er en fin helg.<\/p>\n","protected":false},"excerpt":{"rendered":"<p>\u00c4r det nu allt regn kommer som borde kommit f\u00f6re och runt midsommar? Har nystat mitt garn nu och det ska f\u00e5 f\u00f6lja med till f\u00f6rsta stickcaf\u00e9t i Garntorpet Tanken, just nu, \u00e4r att det ska bli en sjal av n\u00e5got slag. R\u00e4knar med att f\u00e5 lite tips av Ingrid. P\u00e5 l\u00f6rdag, den 28\/8 \u00e4r [&hellip;]<\/p>\n","protected":false},"author":1,"featured_media":0,"comment_status":"open","ping_status":"open","sticky":false,"template":"","format":"standard","meta":{"footnotes":""},"categories":[4,5,10],"tags":[],"class_list":["post-2454","post","type-post","status-publish","format-standard","hentry","category-allmant","category-fran-garnlagret","category-vader"],"_links":{"self":[{"href":"https:\/\/eva.sundstrom.st\/index.php?rest_route=\/wp\/v2\/posts\/2454","targetHints":{"allow":["GET"]}}],"collection":[{"href":"https:\/\/eva.sundstrom.st\/index.php?rest_route=\/wp\/v2\/posts"}],"about":[{"href":"https:\/\/eva.sundstrom.st\/index.php?rest_route=\/wp\/v2\/types\/post"}],"author":[{"embeddable":true,"href":"https:\/\/eva.sundstrom.st\/index.php?rest_route=\/wp\/v2\/users\/1"}],"replies":[{"embeddable":true,"href":"https:\/\/eva.sundstrom.st\/index.php?rest_route=%2Fwp%2Fv2%2Fcomments&post=2454"}],"version-history":[{"count":3,"href":"https:\/\/eva.sundstrom.st\/index.php?rest_route=\/wp\/v2\/posts\/2454\/revisions"}],"predecessor-version":[{"id":2457,"href":"https:\/\/eva.sundstrom.st\/index.php?rest_route=\/wp\/v2\/posts\/2454\/revisions\/2457"}],"wp:attachment":[{"href":"https:\/\/eva.sundstrom.st\/index.php?rest_route=%2Fwp%2Fv2%2Fmedia&parent=2454"}],"wp:term":[{"taxonomy":"category","embeddable":true,"href":"https:\/\/eva.sundstrom.st\/index.php?rest_route=%2Fwp%2Fv2%2Fcategories&post=2454"},{"taxonomy":"post_tag","embeddable":true,"href":"https:\/\/eva.sundstrom.st\/index.php?rest_route=%2Fwp%2Fv2%2Ftags&post=2454"}],"curies":[{"name":"wp","href":"https:\/\/api.w.org\/{rel}","templated":true}]}}