{"id":2459,"date":"2010-08-26T22:00:15","date_gmt":"2010-08-26T21:00:15","guid":{"rendered":"http:\/\/www.eva.sundstrom.st\/?p=2459"},"modified":"2010-08-26T22:00:15","modified_gmt":"2010-08-26T21:00:15","slug":"dax-for-sannerudsmarken-igen","status":"publish","type":"post","link":"https:\/\/eva.sundstrom.st\/?p=2459","title":{"rendered":"Dax f\u00f6r Sannerudsmarken igen."},"content":{"rendered":"<p>Varit p\u00e5 h\u00f6stens f\u00f6rsta stickcaf\u00e9 i <a href=\"http:\/\/www.garntorpet.se\">Garntorpet<\/a><\/p>\n<p>Lika trevligt som vanligt. Lika m\u00e5nga nya ansikten som gamla bekanta. B\u00f6rjade sticka p\u00e5 en sjal med dominorutor av det garn som jag v\u00e4xtf\u00e4rgade.<br \/>\nVi f\u00e5r se vad det blir.<\/p>\n<p>I morgon ska jag f\u00f6rst till tandl\u00e4karen och sedan ska jag packa  marknadsv\u00e4skan.<\/p>\n<p>Det blir n\u00e5gra strumpor och flera sjalar. Funderar p\u00e5 om jag ska ta med den rosa virkade mattan?<br \/>\nKanske dom gr\u00f6na mattorna som jag v\u00e4vde?<br \/>\nTyckte dom blev fina och hade ju t\u00e4nkt ha dom i tv\u00e4ttstugan. Sedan kom jag p\u00e5 att d\u00e4r klampar man ju ofta in med st\u00f6vlar och det \u00e4r ju synd p\u00e5 nya mattorna!!!<br \/>\nJa ja  vi f\u00e5r se om dom kommer med eller inte.<br \/>\nSka i alla fall dela bord med en v\u00e4n som ska s\u00e4lja marmelad bl.a.<br \/>\nBlir trevligt att f\u00e5 s\u00e4llskap i marknadsst\u00e5ndet. <\/p>\n<p>Hoppas solen v\u00e4rmer oss och att vinden vilar sig p\u00e5 l\u00f6rdag.<br \/>\nHa det gott.<\/p>\n","protected":false},"excerpt":{"rendered":"<p>Varit p\u00e5 h\u00f6stens f\u00f6rsta stickcaf\u00e9 i Garntorpet Lika trevligt som vanligt. Lika m\u00e5nga nya ansikten som gamla bekanta. B\u00f6rjade sticka p\u00e5 en sjal med dominorutor av det garn som jag v\u00e4xtf\u00e4rgade. Vi f\u00e5r se vad det blir. I morgon ska jag f\u00f6rst till tandl\u00e4karen och sedan ska jag packa marknadsv\u00e4skan. Det blir n\u00e5gra strumpor och [&hellip;]<\/p>\n","protected":false},"author":1,"featured_media":0,"comment_status":"open","ping_status":"open","sticky":false,"template":"","format":"standard","meta":{"footnotes":""},"categories":[4,5],"tags":[],"class_list":["post-2459","post","type-post","status-publish","format-standard","hentry","category-allmant","category-fran-garnlagret"],"_links":{"self":[{"href":"https:\/\/eva.sundstrom.st\/index.php?rest_route=\/wp\/v2\/posts\/2459","targetHints":{"allow":["GET"]}}],"collection":[{"href":"https:\/\/eva.sundstrom.st\/index.php?rest_route=\/wp\/v2\/posts"}],"about":[{"href":"https:\/\/eva.sundstrom.st\/index.php?rest_route=\/wp\/v2\/types\/post"}],"author":[{"embeddable":true,"href":"https:\/\/eva.sundstrom.st\/index.php?rest_route=\/wp\/v2\/users\/1"}],"replies":[{"embeddable":true,"href":"https:\/\/eva.sundstrom.st\/index.php?rest_route=%2Fwp%2Fv2%2Fcomments&post=2459"}],"version-history":[{"count":3,"href":"https:\/\/eva.sundstrom.st\/index.php?rest_route=\/wp\/v2\/posts\/2459\/revisions"}],"predecessor-version":[{"id":2462,"href":"https:\/\/eva.sundstrom.st\/index.php?rest_route=\/wp\/v2\/posts\/2459\/revisions\/2462"}],"wp:attachment":[{"href":"https:\/\/eva.sundstrom.st\/index.php?rest_route=%2Fwp%2Fv2%2Fmedia&parent=2459"}],"wp:term":[{"taxonomy":"category","embeddable":true,"href":"https:\/\/eva.sundstrom.st\/index.php?rest_route=%2Fwp%2Fv2%2Fcategories&post=2459"},{"taxonomy":"post_tag","embeddable":true,"href":"https:\/\/eva.sundstrom.st\/index.php?rest_route=%2Fwp%2Fv2%2Ftags&post=2459"}],"curies":[{"name":"wp","href":"https:\/\/api.w.org\/{rel}","templated":true}]}}