{"id":2465,"date":"2010-08-30T19:48:21","date_gmt":"2010-08-30T18:48:21","guid":{"rendered":"http:\/\/www.eva.sundstrom.st\/?p=2465"},"modified":"2010-08-30T19:48:21","modified_gmt":"2010-08-30T18:48:21","slug":"marknadshalsning","status":"publish","type":"post","link":"https:\/\/eva.sundstrom.st\/?p=2465","title":{"rendered":"Marknadsh\u00e4lsning"},"content":{"rendered":"<p>S\u00e5 \u00e4r marknaden \u00f6ver och jag har samlat ihop r\u00e4kenskaper och ok\u00f6pta saker och konstaterar att det gick med vinst. S\u00e5 pass mycket att jag kan t\u00e4nka mig att g\u00f6ra om det igen.<\/p>\n<p><a href=\"http:\/\/www.eva.sundstrom.st\/wp-content\/upload\/DSC06596.jpg\"><img loading=\"lazy\" decoding=\"async\" src=\"http:\/\/www.eva.sundstrom.st\/wp-content\/upload\/DSC06596.jpg\" alt=\"\" title=\"DSC06596\" width=\"460\" height=\"345\" class=\"aligncenter size-full wp-image-2466\" srcset=\"https:\/\/eva.sundstrom.st\/wp-content\/upload\/DSC06596.jpg 460w, https:\/\/eva.sundstrom.st\/wp-content\/upload\/DSC06596-300x225.jpg 300w\" sizes=\"auto, (max-width: 460px) 100vw, 460px\" \/><\/a><\/p>\n<p>S\u00e5 h\u00e4r s\u00e5g v\u00e5r marknadsplats ut. Mina saker till h\u00f6ger och min v\u00e4n har sitt till v\u00e4nster.<br \/>\nDet \u00e4r inte jag som \u00e4r med p\u00e5 bild men jag har f\u00e5tt godk\u00e4nt att l\u00e4gga ut bilden.<\/p>\n<p>Tack f\u00f6r att du ville vara med. Det \u00e4r alltid roligare att ha s\u00e4llskap.<\/p>\n<p>Ni som inte kunde komma p\u00e5 marknaden i \u00e5r, v\u00e4l m\u00f6tt sista l\u00f6rdagen i augusti n\u00e4sta \u00e5r. Min f\u00f6rhoppning \u00e4r att vi \u00e5terkommer d\u00e5.<\/p>\n<p>M\u00e5 gott go v\u00e4nner.<\/p>\n","protected":false},"excerpt":{"rendered":"<p>S\u00e5 \u00e4r marknaden \u00f6ver och jag har samlat ihop r\u00e4kenskaper och ok\u00f6pta saker och konstaterar att det gick med vinst. S\u00e5 pass mycket att jag kan t\u00e4nka mig att g\u00f6ra om det igen. S\u00e5 h\u00e4r s\u00e5g v\u00e5r marknadsplats ut. Mina saker till h\u00f6ger och min v\u00e4n har sitt till v\u00e4nster. Det \u00e4r inte jag som [&hellip;]<\/p>\n","protected":false},"author":1,"featured_media":0,"comment_status":"open","ping_status":"open","sticky":false,"template":"","format":"standard","meta":{"footnotes":""},"categories":[1],"tags":[],"class_list":["post-2465","post","type-post","status-publish","format-standard","hentry","category-uncategorized"],"_links":{"self":[{"href":"https:\/\/eva.sundstrom.st\/index.php?rest_route=\/wp\/v2\/posts\/2465","targetHints":{"allow":["GET"]}}],"collection":[{"href":"https:\/\/eva.sundstrom.st\/index.php?rest_route=\/wp\/v2\/posts"}],"about":[{"href":"https:\/\/eva.sundstrom.st\/index.php?rest_route=\/wp\/v2\/types\/post"}],"author":[{"embeddable":true,"href":"https:\/\/eva.sundstrom.st\/index.php?rest_route=\/wp\/v2\/users\/1"}],"replies":[{"embeddable":true,"href":"https:\/\/eva.sundstrom.st\/index.php?rest_route=%2Fwp%2Fv2%2Fcomments&post=2465"}],"version-history":[{"count":3,"href":"https:\/\/eva.sundstrom.st\/index.php?rest_route=\/wp\/v2\/posts\/2465\/revisions"}],"predecessor-version":[{"id":2469,"href":"https:\/\/eva.sundstrom.st\/index.php?rest_route=\/wp\/v2\/posts\/2465\/revisions\/2469"}],"wp:attachment":[{"href":"https:\/\/eva.sundstrom.st\/index.php?rest_route=%2Fwp%2Fv2%2Fmedia&parent=2465"}],"wp:term":[{"taxonomy":"category","embeddable":true,"href":"https:\/\/eva.sundstrom.st\/index.php?rest_route=%2Fwp%2Fv2%2Fcategories&post=2465"},{"taxonomy":"post_tag","embeddable":true,"href":"https:\/\/eva.sundstrom.st\/index.php?rest_route=%2Fwp%2Fv2%2Ftags&post=2465"}],"curies":[{"name":"wp","href":"https:\/\/api.w.org\/{rel}","templated":true}]}}