{"id":2471,"date":"2010-09-14T21:16:26","date_gmt":"2010-09-14T20:16:26","guid":{"rendered":"http:\/\/www.eva.sundstrom.st\/?p=2471"},"modified":"2010-09-14T21:16:26","modified_gmt":"2010-09-14T20:16:26","slug":"undrens-tid-ar-ej-forbi","status":"publish","type":"post","link":"https:\/\/eva.sundstrom.st\/?p=2471","title":{"rendered":"Undrens tid \u00e4r ej f\u00f6rbi"},"content":{"rendered":"<p>S\u00e5 har det h\u00e4nt igen. <\/p>\n<p>Vem kan vara lyckligare \u00e4n jag.<br \/>\nF\u00f6r visst \u00e4r det ett under?<\/p>\n<p>All denna v\u00e4ntan och undran. <\/p>\n<p>S\u00e5 pl\u00f6tsligt en dag s\u00e5 finns en ny liten m\u00e4nniska d\u00e4r.<br \/>\nLitar fullt och fast p\u00e5 att bli omh\u00e4ndertagen och \u00e4lskad<\/p>\n<p><a href=\"http:\/\/www.eva.sundstrom.st\/wp-content\/upload\/DSC06705.jpg-.jpg\"><img loading=\"lazy\" decoding=\"async\" src=\"http:\/\/www.eva.sundstrom.st\/wp-content\/upload\/DSC06705.jpg-.jpg\" alt=\"\" title=\"DSC06705.jpg\" width=\"460\" height=\"345\" class=\"aligncenter size-full wp-image-2472\" srcset=\"https:\/\/eva.sundstrom.st\/wp-content\/upload\/DSC06705.jpg-.jpg 460w, https:\/\/eva.sundstrom.st\/wp-content\/upload\/DSC06705.jpg--300x225.jpg 300w\" sizes=\"auto, (max-width: 460px) 100vw, 460px\" \/><\/a><\/p>\n<p>S\u00e5 har det mig f\u00f6runnats att \u00e4ven bli farmor! <\/p>\n<p>Och \u00e4lskat \u00e4r detta lilla flickebarn. \u00c4lskad, precis lika mycket som sin ett \u00e5r \u00e4ldre kusin.<br \/>\nUtan anstr\u00e4gning, bara med sin blotta n\u00e4rvaro, tog dom ett kliv rakt in i mormors- farmors hj\u00e4rta. D\u00e4r har dom nu, var och en, en alldeles egen plats.<\/p>\n<p>En plats full av k\u00e4rlek och omtanke precis som deras \u00e4lskade f\u00f6r\u00e4ldrar med syskon och sambos har sin plats d\u00e4r.<br \/>\nTack f\u00f6r att ni finns!<\/p>\n<p>M\u00e5 gott \u00f6nskar jag er alla.<\/p>\n","protected":false},"excerpt":{"rendered":"<p>S\u00e5 har det h\u00e4nt igen. Vem kan vara lyckligare \u00e4n jag. F\u00f6r visst \u00e4r det ett under? All denna v\u00e4ntan och undran. S\u00e5 pl\u00f6tsligt en dag s\u00e5 finns en ny liten m\u00e4nniska d\u00e4r. Litar fullt och fast p\u00e5 att bli omh\u00e4ndertagen och \u00e4lskad S\u00e5 har det mig f\u00f6runnats att \u00e4ven bli farmor! Och \u00e4lskat \u00e4r [&hellip;]<\/p>\n","protected":false},"author":1,"featured_media":0,"comment_status":"open","ping_status":"open","sticky":false,"template":"","format":"standard","meta":{"footnotes":""},"categories":[9],"tags":[],"class_list":["post-2471","post","type-post","status-publish","format-standard","hentry","category-livet"],"_links":{"self":[{"href":"https:\/\/eva.sundstrom.st\/index.php?rest_route=\/wp\/v2\/posts\/2471","targetHints":{"allow":["GET"]}}],"collection":[{"href":"https:\/\/eva.sundstrom.st\/index.php?rest_route=\/wp\/v2\/posts"}],"about":[{"href":"https:\/\/eva.sundstrom.st\/index.php?rest_route=\/wp\/v2\/types\/post"}],"author":[{"embeddable":true,"href":"https:\/\/eva.sundstrom.st\/index.php?rest_route=\/wp\/v2\/users\/1"}],"replies":[{"embeddable":true,"href":"https:\/\/eva.sundstrom.st\/index.php?rest_route=%2Fwp%2Fv2%2Fcomments&post=2471"}],"version-history":[{"count":4,"href":"https:\/\/eva.sundstrom.st\/index.php?rest_route=\/wp\/v2\/posts\/2471\/revisions"}],"predecessor-version":[{"id":2476,"href":"https:\/\/eva.sundstrom.st\/index.php?rest_route=\/wp\/v2\/posts\/2471\/revisions\/2476"}],"wp:attachment":[{"href":"https:\/\/eva.sundstrom.st\/index.php?rest_route=%2Fwp%2Fv2%2Fmedia&parent=2471"}],"wp:term":[{"taxonomy":"category","embeddable":true,"href":"https:\/\/eva.sundstrom.st\/index.php?rest_route=%2Fwp%2Fv2%2Fcategories&post=2471"},{"taxonomy":"post_tag","embeddable":true,"href":"https:\/\/eva.sundstrom.st\/index.php?rest_route=%2Fwp%2Fv2%2Ftags&post=2471"}],"curies":[{"name":"wp","href":"https:\/\/api.w.org\/{rel}","templated":true}]}}