{"id":2478,"date":"2010-09-17T09:47:25","date_gmt":"2010-09-17T08:47:25","guid":{"rendered":"http:\/\/www.eva.sundstrom.st\/?p=2478"},"modified":"2010-09-17T09:50:49","modified_gmt":"2010-09-17T08:50:49","slug":"stickat-och-fargat","status":"publish","type":"post","link":"https:\/\/eva.sundstrom.st\/?p=2478","title":{"rendered":"Stickat och f\u00e4rgat"},"content":{"rendered":"<p>Har faktiskt stickat lite d\u00e5 och d\u00e5.<\/p>\n<p>En hj\u00e4lmm\u00f6ssa och tv\u00e5 par sockor till lilla pyret.<\/p>\n<p><a href=\"http:\/\/www.eva.sundstrom.st\/wp-content\/upload\/DSC06702.jpg\"><img loading=\"lazy\" decoding=\"async\" src=\"http:\/\/www.eva.sundstrom.st\/wp-content\/upload\/DSC06702.jpg\" alt=\"\" title=\"DSC06702\" width=\"491\" height=\"368\" class=\"aligncenter size-full wp-image-2481\" srcset=\"https:\/\/eva.sundstrom.st\/wp-content\/upload\/DSC06702.jpg 491w, https:\/\/eva.sundstrom.st\/wp-content\/upload\/DSC06702-300x224.jpg 300w\" sizes=\"auto, (max-width: 491px) 100vw, 491px\" \/><\/a><\/p>\n<p>Lite stort fast det \u00e4r sm\u00e5tt men d\u00e5 r\u00e4cker det l\u00e4ngre.<\/p>\n<p>I 0nsdags kv\u00e4ll var det mickrof\u00e4gning som g\u00e4llde.<br \/>\nVi var hos Ingrid i <a href=\"http:\/\/www.garntorpet.se\/\">Garntorpets<\/a> k\u00e4llare d\u00e4r hon har fixat till ett litet mysigt f\u00e4rgeri.<\/p>\n<p>Jag var s\u00e5 ivrig att komma iv\u00e4g dit s\u00e5 jag gl\u00f6mde kameran hemma.<\/p>\n<p>Vi var fyra stycken som lekte f\u00f6r fullt. Nya bekantskaper som umg\u00e5s och har roligt.<br \/>\nEn s\u00e5dan kv\u00e4ll m\u00e5ste helt enkelt vara ett guldkorn.<\/p>\n<p>Tack Ingrid f\u00f6r att du flyttade till H\u00e5hult och startade upp Gartorpet d\u00e4r.<\/p>\n<p>I dag har f\u00f6rs\u00f6kt ta kort p\u00e5 garnet jag f\u00e4rgat <\/p>\n<p><a href=\"http:\/\/www.eva.sundstrom.st\/wp-content\/upload\/DSC06711.jpg\"><img loading=\"lazy\" decoding=\"async\" src=\"http:\/\/www.eva.sundstrom.st\/wp-content\/upload\/DSC06711.jpg\" alt=\"\" title=\"DSC06711\" width=\"488\" height=\"311\" class=\"aligncenter size-full wp-image-2480\" srcset=\"https:\/\/eva.sundstrom.st\/wp-content\/upload\/DSC06711.jpg 488w, https:\/\/eva.sundstrom.st\/wp-content\/upload\/DSC06711-300x191.jpg 300w\" sizes=\"auto, (max-width: 488px) 100vw, 488px\" \/><\/a><\/p>\n<p>F\u00e4rgade ocks\u00e5 lite ull<\/p>\n<p><a href=\"http:\/\/www.eva.sundstrom.st\/wp-content\/upload\/DSC06712.jpg\"><img loading=\"lazy\" decoding=\"async\" src=\"http:\/\/www.eva.sundstrom.st\/wp-content\/upload\/DSC06712.jpg\" alt=\"\" title=\"DSC06712\" width=\"456\" height=\"319\" class=\"aligncenter size-full wp-image-2479\" srcset=\"https:\/\/eva.sundstrom.st\/wp-content\/upload\/DSC06712.jpg 456w, https:\/\/eva.sundstrom.st\/wp-content\/upload\/DSC06712-300x209.jpg 300w\" sizes=\"auto, (max-width: 456px) 100vw, 456px\" \/><\/a><\/p>\n<p>Nu \u00e4r jag sugen p\u00e5 att karda den. F\u00f6rmodligen f\u00f6rs\u00f6ker jag karda in lite of\u00e4rgad ull ocks\u00e5 f\u00f6r att f\u00e5 det mera melerat. Undras vad det kan bli av detta.<br \/>\nRoligt har det varit i alla fall.<\/p>\n<p>\u00d6nskar alla en bra helg. Ha det gott.<\/p>\n","protected":false},"excerpt":{"rendered":"<p>Har faktiskt stickat lite d\u00e5 och d\u00e5. En hj\u00e4lmm\u00f6ssa och tv\u00e5 par sockor till lilla pyret. Lite stort fast det \u00e4r sm\u00e5tt men d\u00e5 r\u00e4cker det l\u00e4ngre. I 0nsdags kv\u00e4ll var det mickrof\u00e4gning som g\u00e4llde. Vi var hos Ingrid i Garntorpets k\u00e4llare d\u00e4r hon har fixat till ett litet mysigt f\u00e4rgeri. Jag var s\u00e5 ivrig [&hellip;]<\/p>\n","protected":false},"author":1,"featured_media":0,"comment_status":"open","ping_status":"open","sticky":false,"template":"","format":"standard","meta":{"footnotes":""},"categories":[5],"tags":[],"class_list":["post-2478","post","type-post","status-publish","format-standard","hentry","category-fran-garnlagret"],"_links":{"self":[{"href":"https:\/\/eva.sundstrom.st\/index.php?rest_route=\/wp\/v2\/posts\/2478","targetHints":{"allow":["GET"]}}],"collection":[{"href":"https:\/\/eva.sundstrom.st\/index.php?rest_route=\/wp\/v2\/posts"}],"about":[{"href":"https:\/\/eva.sundstrom.st\/index.php?rest_route=\/wp\/v2\/types\/post"}],"author":[{"embeddable":true,"href":"https:\/\/eva.sundstrom.st\/index.php?rest_route=\/wp\/v2\/users\/1"}],"replies":[{"embeddable":true,"href":"https:\/\/eva.sundstrom.st\/index.php?rest_route=%2Fwp%2Fv2%2Fcomments&post=2478"}],"version-history":[{"count":4,"href":"https:\/\/eva.sundstrom.st\/index.php?rest_route=\/wp\/v2\/posts\/2478\/revisions"}],"predecessor-version":[{"id":2484,"href":"https:\/\/eva.sundstrom.st\/index.php?rest_route=\/wp\/v2\/posts\/2478\/revisions\/2484"}],"wp:attachment":[{"href":"https:\/\/eva.sundstrom.st\/index.php?rest_route=%2Fwp%2Fv2%2Fmedia&parent=2478"}],"wp:term":[{"taxonomy":"category","embeddable":true,"href":"https:\/\/eva.sundstrom.st\/index.php?rest_route=%2Fwp%2Fv2%2Fcategories&post=2478"},{"taxonomy":"post_tag","embeddable":true,"href":"https:\/\/eva.sundstrom.st\/index.php?rest_route=%2Fwp%2Fv2%2Ftags&post=2478"}],"curies":[{"name":"wp","href":"https:\/\/api.w.org\/{rel}","templated":true}]}}