{"id":2490,"date":"2010-10-02T19:43:56","date_gmt":"2010-10-02T18:43:56","guid":{"rendered":"http:\/\/www.eva.sundstrom.st\/?p=2490"},"modified":"2010-10-02T19:43:56","modified_gmt":"2010-10-02T18:43:56","slug":"redan-oktober","status":"publish","type":"post","link":"https:\/\/eva.sundstrom.st\/?p=2490","title":{"rendered":"Redan Oktober"},"content":{"rendered":"<p>OK, s\u00e5 h\u00e4r \u00e4r det.<br \/>\njag har f\u00e5tt en avard av <a href=\"http:\/\/atti.bloggagratis.se\/\">Atti<\/a> p\u00e5 egen sida.<\/p>\n<p>Det k\u00e4ndes faktiskt riktigt roligt . Jag \u00e4r ju helt v\u00e4rdel\u00f6s p\u00e5 bloggfronten nu f\u00f6r tiden.<\/p>\n<p>Visst vill jag f\u00f6ra den vidare men det \u00e4r lika sv\u00e5rt som vanligt att v\u00e4lja ut n\u00e5gra att skicka den vidare till.<br \/>\nSedan blir det \u00e4nnu sv\u00e5rare n\u00e4r min dator v\u00e4grar kopiera avarden?<\/p>\n<p>Hur i allsindar har jag gjort alla g\u00e5nger f\u00f6rut?<br \/>\nFattar noll och intet.<\/p>\n<p>Tack i alla fall Atti.<\/p>\n<p>F\u00f6rsta helgen i September var vi p\u00e5 resande fot.<\/p>\n<p>Tog m\u00e4ngder med kort, peppad av den yngste.<br \/>\nDelar n\u00e5gra med er  i dag n\u00e4r kamera och dator helt pl\u00f6tsligt var goda v\u00e4nner en stund.<\/p>\n<p><a href=\"http:\/\/www.eva.sundstrom.st\/wp-content\/upload\/DSC06631.jpg\"><img loading=\"lazy\" decoding=\"async\" src=\"http:\/\/www.eva.sundstrom.st\/wp-content\/upload\/DSC06631.jpg\" alt=\"\" title=\"DSC06631\" width=\"460\" height=\"345\" class=\"aligncenter size-full wp-image-2497\" srcset=\"https:\/\/eva.sundstrom.st\/wp-content\/upload\/DSC06631.jpg 460w, https:\/\/eva.sundstrom.st\/wp-content\/upload\/DSC06631-300x225.jpg 300w\" sizes=\"auto, (max-width: 460px) 100vw, 460px\" \/><\/a><\/p>\n<p>Skymningen b\u00f6rjar s\u00e5 sakta  n\u00e4rma sig n\u00e4r vi gick in i parken.<\/p>\n<p><a href=\"http:\/\/www.eva.sundstrom.st\/wp-content\/upload\/DSC06644.jpg\"><img loading=\"lazy\" decoding=\"async\" src=\"http:\/\/www.eva.sundstrom.st\/wp-content\/upload\/DSC06644.jpg\" alt=\"\" title=\"DSC06644\" width=\"345\" height=\"460\" class=\"aligncenter size-full wp-image-2496\" srcset=\"https:\/\/eva.sundstrom.st\/wp-content\/upload\/DSC06644.jpg 345w, https:\/\/eva.sundstrom.st\/wp-content\/upload\/DSC06644-225x300.jpg 225w\" sizes=\"auto, (max-width: 345px) 100vw, 345px\" \/><\/a><\/p>\n<p>Det blev n\u00e4stan ett magiskt ljus. S\u00e5 stilla och tyst.<br \/>\nEn helt underbar kv\u00e4llspromenad i Ronneby brunnspark.<\/p>\n<p><a href=\"http:\/\/www.eva.sundstrom.st\/wp-content\/upload\/DSC06648.jpg\"><img loading=\"lazy\" decoding=\"async\" src=\"http:\/\/www.eva.sundstrom.st\/wp-content\/upload\/DSC06648.jpg\" alt=\"\" title=\"DSC06648\" width=\"460\" height=\"345\" class=\"aligncenter size-full wp-image-2495\" srcset=\"https:\/\/eva.sundstrom.st\/wp-content\/upload\/DSC06648.jpg 460w, https:\/\/eva.sundstrom.st\/wp-content\/upload\/DSC06648-300x225.jpg 300w\" sizes=\"auto, (max-width: 460px) 100vw, 460px\" \/><\/a><\/p>\n<p>Dagen efter tog gubben min och jag en morgonpromenad i ett annat omr\u00e5de av parken.<\/p>\n<p><a href=\"http:\/\/www.eva.sundstrom.st\/wp-content\/upload\/DSC06667.jpg\"><img loading=\"lazy\" decoding=\"async\" src=\"http:\/\/www.eva.sundstrom.st\/wp-content\/upload\/DSC06667.jpg\" alt=\"\" title=\"DSC06667\" width=\"345\" height=\"460\" class=\"aligncenter size-full wp-image-2494\" srcset=\"https:\/\/eva.sundstrom.st\/wp-content\/upload\/DSC06667.jpg 345w, https:\/\/eva.sundstrom.st\/wp-content\/upload\/DSC06667-225x300.jpg 225w\" sizes=\"auto, (max-width: 345px) 100vw, 345px\" \/><\/a><\/p>\n<p>S\u00e5 h\u00e4rlig natur.<\/p>\n<p>S\u00e5 ett kort med helt annat inneh\u00e5ll.<\/p>\n<p><a href=\"http:\/\/www.eva.sundstrom.st\/wp-content\/upload\/DSC06764.jpg\"><img loading=\"lazy\" decoding=\"async\" src=\"http:\/\/www.eva.sundstrom.st\/wp-content\/upload\/DSC06764.jpg\" alt=\"\" title=\"DSC06764\" width=\"460\" height=\"345\" class=\"aligncenter size-full wp-image-2493\" srcset=\"https:\/\/eva.sundstrom.st\/wp-content\/upload\/DSC06764.jpg 460w, https:\/\/eva.sundstrom.st\/wp-content\/upload\/DSC06764-300x225.jpg 300w\" sizes=\"auto, (max-width: 460px) 100vw, 460px\" \/><\/a><\/p>\n<p>Den lilla h\u00e4rvan h\u00e4r microf\u00e4rgad ull en tr\u00e5d och en tr\u00e5d vit. <\/p>\n<p>Den st\u00f6rre h\u00e4rvan \u00e4r microf\u00e4rgad ull d\u00e4r jag kardat in lite vitt och sedan spunnit ihop tv\u00e5 tr\u00e5dar.<\/p>\n<p>Om sedan f\u00e4rgen kommer att h\u00e5lla det f\u00e5r tiden utvisa. Vet \u00e4nnu inte vad jag ska anv\u00e4nda det till. Just nu bara tittar jag och k\u00e4nner p\u00e5 det om och om igen.<\/p>\n<p>\u00d6nskar er alla en fin s\u00f6ndag.<\/p>\n","protected":false},"excerpt":{"rendered":"<p>OK, s\u00e5 h\u00e4r \u00e4r det. jag har f\u00e5tt en avard av Atti p\u00e5 egen sida. Det k\u00e4ndes faktiskt riktigt roligt . Jag \u00e4r ju helt v\u00e4rdel\u00f6s p\u00e5 bloggfronten nu f\u00f6r tiden. Visst vill jag f\u00f6ra den vidare men det \u00e4r lika sv\u00e5rt som vanligt att v\u00e4lja ut n\u00e5gra att skicka den vidare till. Sedan blir [&hellip;]<\/p>\n","protected":false},"author":1,"featured_media":0,"comment_status":"open","ping_status":"open","sticky":false,"template":"","format":"standard","meta":{"footnotes":""},"categories":[7,5],"tags":[],"class_list":["post-2490","post","type-post","status-publish","format-standard","hentry","category-award","category-fran-garnlagret"],"_links":{"self":[{"href":"https:\/\/eva.sundstrom.st\/index.php?rest_route=\/wp\/v2\/posts\/2490","targetHints":{"allow":["GET"]}}],"collection":[{"href":"https:\/\/eva.sundstrom.st\/index.php?rest_route=\/wp\/v2\/posts"}],"about":[{"href":"https:\/\/eva.sundstrom.st\/index.php?rest_route=\/wp\/v2\/types\/post"}],"author":[{"embeddable":true,"href":"https:\/\/eva.sundstrom.st\/index.php?rest_route=\/wp\/v2\/users\/1"}],"replies":[{"embeddable":true,"href":"https:\/\/eva.sundstrom.st\/index.php?rest_route=%2Fwp%2Fv2%2Fcomments&post=2490"}],"version-history":[{"count":9,"href":"https:\/\/eva.sundstrom.st\/index.php?rest_route=\/wp\/v2\/posts\/2490\/revisions"}],"predecessor-version":[{"id":2505,"href":"https:\/\/eva.sundstrom.st\/index.php?rest_route=\/wp\/v2\/posts\/2490\/revisions\/2505"}],"wp:attachment":[{"href":"https:\/\/eva.sundstrom.st\/index.php?rest_route=%2Fwp%2Fv2%2Fmedia&parent=2490"}],"wp:term":[{"taxonomy":"category","embeddable":true,"href":"https:\/\/eva.sundstrom.st\/index.php?rest_route=%2Fwp%2Fv2%2Fcategories&post=2490"},{"taxonomy":"post_tag","embeddable":true,"href":"https:\/\/eva.sundstrom.st\/index.php?rest_route=%2Fwp%2Fv2%2Ftags&post=2490"}],"curies":[{"name":"wp","href":"https:\/\/api.w.org\/{rel}","templated":true}]}}