{"id":2508,"date":"2010-10-23T21:20:48","date_gmt":"2010-10-23T20:20:48","guid":{"rendered":"http:\/\/www.eva.sundstrom.st\/?p=2508"},"modified":"2011-10-27T20:26:55","modified_gmt":"2011-10-27T19:26:55","slug":"tankar-2","status":"publish","type":"post","link":"https:\/\/eva.sundstrom.st\/?p=2508","title":{"rendered":"Tankar l\u00f6rdagkv\u00e4ll 101023"},"content":{"rendered":"<p>En strof har under dagen \u00e5terkommit i min hj\u00e4rna.<br \/>\nG\u00e5ng p\u00e5 g\u00e5ng har den pockat p\u00e5 uppm\u00e4rksamhet. <\/p>\n<p>Jag t\u00e4nder ett ljus och ber&#8230;.<\/p>\n<p><a href=\"http:\/\/www.eva.sundstrom.st\/wp-content\/upload\/dsc013961.jpg\"><img loading=\"lazy\" decoding=\"async\" src=\"http:\/\/www.eva.sundstrom.st\/wp-content\/upload\/dsc013961.jpg\" alt=\"\" title=\"dsc01396\" width=\"432\" height=\"302\" class=\"aligncenter size-full wp-image-2509\" srcset=\"https:\/\/eva.sundstrom.st\/wp-content\/upload\/dsc013961.jpg 432w, https:\/\/eva.sundstrom.st\/wp-content\/upload\/dsc013961-300x209.jpg 300w\" sizes=\"auto, (max-width: 432px) 100vw, 432px\" \/><\/a><\/p>\n<p>f\u00f6r alla dom ensamma <\/p>\n<p>f\u00f6r dom som s\u00f6rjer  <\/p>\n<p>f\u00f6r dom som lider n\u00f6d av n\u00e5got slag.<\/p>\n<p><a href=\"http:\/\/www.eva.sundstrom.st\/wp-content\/upload\/DSC065431.jpg\"><img loading=\"lazy\" decoding=\"async\" src=\"http:\/\/www.eva.sundstrom.st\/wp-content\/upload\/DSC065431.jpg\" alt=\"\" title=\"DSC06543\" width=\"368\" height=\"491\" class=\"aligncenter size-full wp-image-2510\" srcset=\"https:\/\/eva.sundstrom.st\/wp-content\/upload\/DSC065431.jpg 368w, https:\/\/eva.sundstrom.st\/wp-content\/upload\/DSC065431-224x300.jpg 224w\" sizes=\"auto, (max-width: 368px) 100vw, 368px\" \/><\/a><\/p>\n<p>Alla \u00e4r vi p\u00e5 v\u00e4g, g\u00e5r mot k\u00e4nda och ok\u00e4nda m\u00e5l.<br \/>\nEn del g\u00e5r f\u00f6re och l\u00e4mnar tomrum efter sig.<br \/>\nTomrum som k\u00e4nns s\u00e5 o\u00e4ndliga.<\/p>\n<p>Vad \u00e4r d\u00e5 att vara stark?<br \/>\nKanske \u00e4r vi starkast n\u00e4r vi v\u00e5gar visa v\u00e5r svaghet, v\u00e5r sorg.<\/p>\n<p>V\u00e5gar gr\u00e5ta inf\u00f6r v\u00e5ra v\u00e4nner och tillsammans med dom.<br \/>\nKanske  \u00e4r det faktiskt d\u00e5 vi \u00e4r som allra starkast. Vi m\u00e5ste ju igenom detta och uppt\u00e4cka att det faktiskt g\u00e5r att leva vidare.<br \/>\nLivet blir aldrig mera som f\u00f6rut men kan \u00e4nd\u00e5 bli ett bra liv.<br \/>\nJag t\u00e4nker s\u00e5 p\u00e5 dig min v\u00e4n.<\/p>\n<p><a href=\"http:\/\/www.eva.sundstrom.st\/wp-content\/upload\/dsc014681.jpg\"><img loading=\"lazy\" decoding=\"async\" src=\"http:\/\/www.eva.sundstrom.st\/wp-content\/upload\/dsc014681.jpg\" alt=\"\" title=\"dsc01468\" width=\"304\" height=\"396\" class=\"aligncenter size-full wp-image-2514\" srcset=\"https:\/\/eva.sundstrom.st\/wp-content\/upload\/dsc014681.jpg 304w, https:\/\/eva.sundstrom.st\/wp-content\/upload\/dsc014681-230x300.jpg 230w\" sizes=\"auto, (max-width: 304px) 100vw, 304px\" \/><\/a><\/p>\n<p>Jag t\u00e4nder ett ljus och ber.. ge de s\u00f6rjande tr\u00f6st och ett ljus som leder dom fram\u00e5t.<\/p>\n<p>Lev v\u00e4l mina v\u00e4nner och ta hand om varandra.<\/p>\n","protected":false},"excerpt":{"rendered":"<p>En strof har under dagen \u00e5terkommit i min hj\u00e4rna. G\u00e5ng p\u00e5 g\u00e5ng har den pockat p\u00e5 uppm\u00e4rksamhet. Jag t\u00e4nder ett ljus och ber&#8230;. f\u00f6r alla dom ensamma f\u00f6r dom som s\u00f6rjer f\u00f6r dom som lider n\u00f6d av n\u00e5got slag. Alla \u00e4r vi p\u00e5 v\u00e4g, g\u00e5r mot k\u00e4nda och ok\u00e4nda m\u00e5l. En del g\u00e5r f\u00f6re och [&hellip;]<\/p>\n","protected":false},"author":1,"featured_media":0,"comment_status":"open","ping_status":"open","sticky":false,"template":"","format":"standard","meta":{"footnotes":""},"categories":[9],"tags":[],"class_list":["post-2508","post","type-post","status-publish","format-standard","hentry","category-livet"],"_links":{"self":[{"href":"https:\/\/eva.sundstrom.st\/index.php?rest_route=\/wp\/v2\/posts\/2508","targetHints":{"allow":["GET"]}}],"collection":[{"href":"https:\/\/eva.sundstrom.st\/index.php?rest_route=\/wp\/v2\/posts"}],"about":[{"href":"https:\/\/eva.sundstrom.st\/index.php?rest_route=\/wp\/v2\/types\/post"}],"author":[{"embeddable":true,"href":"https:\/\/eva.sundstrom.st\/index.php?rest_route=\/wp\/v2\/users\/1"}],"replies":[{"embeddable":true,"href":"https:\/\/eva.sundstrom.st\/index.php?rest_route=%2Fwp%2Fv2%2Fcomments&post=2508"}],"version-history":[{"count":10,"href":"https:\/\/eva.sundstrom.st\/index.php?rest_route=\/wp\/v2\/posts\/2508\/revisions"}],"predecessor-version":[{"id":2518,"href":"https:\/\/eva.sundstrom.st\/index.php?rest_route=\/wp\/v2\/posts\/2508\/revisions\/2518"}],"wp:attachment":[{"href":"https:\/\/eva.sundstrom.st\/index.php?rest_route=%2Fwp%2Fv2%2Fmedia&parent=2508"}],"wp:term":[{"taxonomy":"category","embeddable":true,"href":"https:\/\/eva.sundstrom.st\/index.php?rest_route=%2Fwp%2Fv2%2Fcategories&post=2508"},{"taxonomy":"post_tag","embeddable":true,"href":"https:\/\/eva.sundstrom.st\/index.php?rest_route=%2Fwp%2Fv2%2Ftags&post=2508"}],"curies":[{"name":"wp","href":"https:\/\/api.w.org\/{rel}","templated":true}]}}