{"id":255,"date":"2007-08-22T12:38:23","date_gmt":"2007-08-22T11:38:23","guid":{"rendered":"http:\/\/www.eva.sundstrom.st\/?p=255"},"modified":"2007-08-22T12:38:23","modified_gmt":"2007-08-22T11:38:23","slug":"entre-och-naturens-overraskningar","status":"publish","type":"post","link":"https:\/\/eva.sundstrom.st\/?p=255","title":{"rendered":"Entr"},"content":{"rendered":"<p>I dag t\u00e4nkte jag visa v\u00e5ra entr\u00e9blommor.<\/p>\n<p><a href='http:\/\/www.eva.sundstrom.st\/wp-content\/upload\/dsc00933.jpg' title='dsc00933.jpg'><img src='http:\/\/www.eva.sundstrom.st\/wp-content\/upload\/dsc00933.jpg' alt='dsc00933.jpg' \/><\/a><\/p>\n<p>I sj\u00e4lva trappen st\u00e5r det ocks\u00e5 n\u00e5gra blommor<\/p>\n<p><a href='http:\/\/www.eva.sundstrom.st\/wp-content\/upload\/dsc00932.jpg' title='dsc00932.jpg'><img src='http:\/\/www.eva.sundstrom.st\/wp-content\/upload\/dsc00932.jpg' alt='dsc00932.jpg' \/><\/a><\/p>\n<p>F\u00f6r mig \u00e4r dom v\u00e4rdefulla. <\/p>\n<p>Den gula rosen som jag fick p\u00e5 f\u00f6rsommaren g\u00f6r mig s\u00e5 glad.<\/p>\n<p><a href='http:\/\/www.eva.sundstrom.st\/wp-content\/upload\/dsc00948.jpg' title='dsc00948.jpg'><img src='http:\/\/www.eva.sundstrom.st\/wp-content\/upload\/dsc00948.jpg' alt='dsc00948.jpg' \/><\/a><\/p>\n<p>Nu vet jag ju att inte alla tycker om allt men jag k\u00e4nner b\u00e5de tacksamhet och gl\u00e4dje n\u00e4r jag ser p\u00e5 den.<\/p>\n<p>S\u00e5 till \u00f6verraskning nr ett.<\/p>\n<p>Vid foten p\u00e5 Marguriten kommer det en bl\u00e5 petunia.<\/p>\n<p><a href='http:\/\/www.eva.sundstrom.st\/wp-content\/upload\/dsc00947.jpg' title='dsc00947.jpg'><img src='http:\/\/www.eva.sundstrom.st\/wp-content\/upload\/dsc00947.jpg' alt='dsc00947.jpg' \/><\/a><\/p>\n<p>Vem har s\u00e5tt den?<br \/>\nDen fanns inte d\u00e4r fr\u00e5n b\u00f6rja det \u00e4r jag s\u00e4ker p\u00e5.<\/p>\n<p>\u00d6verraskning nr tv\u00e5.<\/p>\n<p>Att jag har tv\u00e5 olika dalior har jag ju visat f\u00f6rut.<\/p>\n<p>Den h\u00e4r <a href='http:\/\/www.eva.sundstrom.st\/wp-content\/upload\/dsc00886.jpg' title='dsc00886.jpg'><img src='http:\/\/www.eva.sundstrom.st\/wp-content\/upload\/dsc00886.jpg' alt='dsc00886.jpg' \/><\/a> och den h\u00e4r<a href='http:\/\/www.eva.sundstrom.st\/wp-content\/upload\/dsc00919.jpg' title='dsc00919.jpg'><img src='http:\/\/www.eva.sundstrom.st\/wp-content\/upload\/dsc00919.tumnagel.jpg' alt='dsc00919.jpg' \/><\/a><\/p>\n<p>Den fl\u00e4ckiga har jag haft l\u00e4ngst. Den andra ett par till tre \u00e5r.<\/p>\n<p> I \u00e5r har denna kombination dykt upp p\u00e5 en och samma planta.<\/p>\n<p><a href='http:\/\/www.eva.sundstrom.st\/wp-content\/upload\/dsc00934.jpg' title='dsc00934.jpg'><img src='http:\/\/www.eva.sundstrom.st\/wp-content\/upload\/dsc00934.jpg' alt='dsc00934.jpg' \/><\/a><\/p>\n<p>Omv\u00e4xling f\u00f6rn\u00f6jer.<\/p>\n<p>\u00d6verraskning nr tre finns i rabatten<\/p>\n<p><a href='http:\/\/www.eva.sundstrom.st\/wp-content\/upload\/dsc00935.jpg' title='dsc00935.jpg'><img src='http:\/\/www.eva.sundstrom.st\/wp-content\/upload\/dsc00935.jpg' alt='dsc00935.jpg' \/><\/a><\/p>\n<p>M\u00e5ste vara en f\u00e5gel som s\u00e5tt fr\u00f6 till denna solros.<br \/>\nKanske som tack f\u00f6r maten i vintras.<\/p>\n<p> En annan sak som ocks\u00e5 g\u00f6r mig glad \u00e4r knopparna p\u00e5 min Sk\u00f6ldpadds\u00f6rt.<\/p>\n<p><a href='http:\/\/www.eva.sundstrom.st\/wp-content\/upload\/dsc00937.jpg' title='dsc00937.jpg'><img src='http:\/\/www.eva.sundstrom.st\/wp-content\/upload\/dsc00937.jpg' alt='dsc00937.jpg' \/><\/a><\/p>\n<p>Och sist men inte minst dom enorma klasarna p\u00e5 Syrenhortensian.<\/p>\n<p><a href='http:\/\/www.eva.sundstrom.st\/wp-content\/upload\/dsc00938.jpg' title='dsc00938.jpg'><img src='http:\/\/www.eva.sundstrom.st\/wp-content\/upload\/dsc00938.jpg' alt='dsc00938.jpg' \/><\/a><\/p>\n<p><a href='http:\/\/www.eva.sundstrom.st\/wp-content\/upload\/dsc00940.jpg' title='dsc00940.jpg'><img src='http:\/\/www.eva.sundstrom.st\/wp-content\/upload\/dsc00940.jpg' alt='dsc00940.jpg' \/><\/a><\/p>\n<p>Tack f\u00f6r i dag. Vi h\u00f6rs.<\/p>\n","protected":false},"excerpt":{"rendered":"<p>I dag t\u00e4nkte jag visa v\u00e5ra entr\u00e9blommor. I sj\u00e4lva trappen st\u00e5r det ocks\u00e5 n\u00e5gra blommor F\u00f6r mig \u00e4r dom v\u00e4rdefulla. Den gula rosen som jag fick p\u00e5 f\u00f6rsommaren g\u00f6r mig s\u00e5 glad. Nu vet jag ju att inte alla tycker om allt men jag k\u00e4nner b\u00e5de tacksamhet och gl\u00e4dje n\u00e4r jag ser p\u00e5 den. S\u00e5 [&hellip;]<\/p>\n","protected":false},"author":1,"featured_media":0,"comment_status":"open","ping_status":"open","sticky":false,"template":"","format":"standard","meta":{"footnotes":""},"categories":[1],"tags":[],"class_list":["post-255","post","type-post","status-publish","format-standard","hentry","category-uncategorized"],"_links":{"self":[{"href":"https:\/\/eva.sundstrom.st\/index.php?rest_route=\/wp\/v2\/posts\/255","targetHints":{"allow":["GET"]}}],"collection":[{"href":"https:\/\/eva.sundstrom.st\/index.php?rest_route=\/wp\/v2\/posts"}],"about":[{"href":"https:\/\/eva.sundstrom.st\/index.php?rest_route=\/wp\/v2\/types\/post"}],"author":[{"embeddable":true,"href":"https:\/\/eva.sundstrom.st\/index.php?rest_route=\/wp\/v2\/users\/1"}],"replies":[{"embeddable":true,"href":"https:\/\/eva.sundstrom.st\/index.php?rest_route=%2Fwp%2Fv2%2Fcomments&post=255"}],"version-history":[{"count":0,"href":"https:\/\/eva.sundstrom.st\/index.php?rest_route=\/wp\/v2\/posts\/255\/revisions"}],"wp:attachment":[{"href":"https:\/\/eva.sundstrom.st\/index.php?rest_route=%2Fwp%2Fv2%2Fmedia&parent=255"}],"wp:term":[{"taxonomy":"category","embeddable":true,"href":"https:\/\/eva.sundstrom.st\/index.php?rest_route=%2Fwp%2Fv2%2Fcategories&post=255"},{"taxonomy":"post_tag","embeddable":true,"href":"https:\/\/eva.sundstrom.st\/index.php?rest_route=%2Fwp%2Fv2%2Ftags&post=255"}],"curies":[{"name":"wp","href":"https:\/\/api.w.org\/{rel}","templated":true}]}}