{"id":2555,"date":"2010-12-28T16:13:42","date_gmt":"2010-12-28T15:13:42","guid":{"rendered":"http:\/\/www.eva.sundstrom.st\/?p=2555"},"modified":"2010-12-28T16:13:42","modified_gmt":"2010-12-28T15:13:42","slug":"hemspunnet-ullgarn","status":"publish","type":"post","link":"https:\/\/eva.sundstrom.st\/?p=2555","title":{"rendered":"Hemspunnet ullgarn"},"content":{"rendered":"<p>N\u00e5gra bilder p\u00e5 mitt f\u00f6rsta verk stickat i mitt egenspunna tv\u00e5tr\u00e5diga  ullgarn.<\/p>\n<p><a href=\"http:\/\/www.eva.sundstrom.st\/wp-content\/upload\/DSC06859.jpg\"><img loading=\"lazy\" decoding=\"async\" src=\"http:\/\/www.eva.sundstrom.st\/wp-content\/upload\/DSC06859.jpg\" alt=\"\" title=\"DSC06859\" width=\"287\" height=\"415\" class=\"aligncenter size-full wp-image-2558\" srcset=\"https:\/\/eva.sundstrom.st\/wp-content\/upload\/DSC06859.jpg 287w, https:\/\/eva.sundstrom.st\/wp-content\/upload\/DSC06859-207x300.jpg 207w\" sizes=\"auto, (max-width: 287px) 100vw, 287px\" \/><\/a><\/p>\n<p>Ullen har jag f\u00e5tt fr\u00e5n  E, en tjej p\u00e5 20\u00e5r som har egna f\u00e5r.<br \/>\nJag tv\u00e4ttade, kardade och spann.<\/p>\n<p><a href=\"http:\/\/www.eva.sundstrom.st\/wp-content\/upload\/DSC06861.jpg\"><img loading=\"lazy\" decoding=\"async\" src=\"http:\/\/www.eva.sundstrom.st\/wp-content\/upload\/DSC06861.jpg\" alt=\"\" title=\"DSC06861\" width=\"298\" height=\"428\" class=\"aligncenter size-full wp-image-2557\" srcset=\"https:\/\/eva.sundstrom.st\/wp-content\/upload\/DSC06861.jpg 298w, https:\/\/eva.sundstrom.st\/wp-content\/upload\/DSC06861-208x300.jpg 208w\" sizes=\"auto, (max-width: 298px) 100vw, 298px\" \/><\/a><\/p>\n<p>B\u00f6rjade sticka och h\u00e4r \u00e4r resultatet.<\/p>\n<p><a href=\"http:\/\/www.eva.sundstrom.st\/wp-content\/upload\/DSC06864.jpg\"><img loading=\"lazy\" decoding=\"async\" src=\"http:\/\/www.eva.sundstrom.st\/wp-content\/upload\/DSC06864.jpg\" alt=\"\" title=\"DSC06864\" width=\"460\" height=\"345\" class=\"aligncenter size-full wp-image-2556\" srcset=\"https:\/\/eva.sundstrom.st\/wp-content\/upload\/DSC06864.jpg 460w, https:\/\/eva.sundstrom.st\/wp-content\/upload\/DSC06864-300x225.jpg 300w\" sizes=\"auto, (max-width: 460px) 100vw, 460px\" \/><\/a><\/p>\n<p>Tack E f\u00f6r m\u00e5nga fridfulla stunder jag f\u00e5tt tillsammans med den ullen.<br \/>\nDessutom har det gett blodad tand.<br \/>\nDet \u00e4r bara s\u00e5 roligt och rogivande att arbeta med ull.<\/p>\n<p>Lev v\u00e4l och m\u00e5 gott.<\/p>\n","protected":false},"excerpt":{"rendered":"<p>N\u00e5gra bilder p\u00e5 mitt f\u00f6rsta verk stickat i mitt egenspunna tv\u00e5tr\u00e5diga ullgarn. Ullen har jag f\u00e5tt fr\u00e5n E, en tjej p\u00e5 20\u00e5r som har egna f\u00e5r. Jag tv\u00e4ttade, kardade och spann. B\u00f6rjade sticka och h\u00e4r \u00e4r resultatet. Tack E f\u00f6r m\u00e5nga fridfulla stunder jag f\u00e5tt tillsammans med den ullen. Dessutom har det gett blodad tand. [&hellip;]<\/p>\n","protected":false},"author":1,"featured_media":0,"comment_status":"open","ping_status":"open","sticky":false,"template":"","format":"standard","meta":{"footnotes":""},"categories":[4,5],"tags":[],"class_list":["post-2555","post","type-post","status-publish","format-standard","hentry","category-allmant","category-fran-garnlagret"],"_links":{"self":[{"href":"https:\/\/eva.sundstrom.st\/index.php?rest_route=\/wp\/v2\/posts\/2555","targetHints":{"allow":["GET"]}}],"collection":[{"href":"https:\/\/eva.sundstrom.st\/index.php?rest_route=\/wp\/v2\/posts"}],"about":[{"href":"https:\/\/eva.sundstrom.st\/index.php?rest_route=\/wp\/v2\/types\/post"}],"author":[{"embeddable":true,"href":"https:\/\/eva.sundstrom.st\/index.php?rest_route=\/wp\/v2\/users\/1"}],"replies":[{"embeddable":true,"href":"https:\/\/eva.sundstrom.st\/index.php?rest_route=%2Fwp%2Fv2%2Fcomments&post=2555"}],"version-history":[{"count":3,"href":"https:\/\/eva.sundstrom.st\/index.php?rest_route=\/wp\/v2\/posts\/2555\/revisions"}],"predecessor-version":[{"id":2561,"href":"https:\/\/eva.sundstrom.st\/index.php?rest_route=\/wp\/v2\/posts\/2555\/revisions\/2561"}],"wp:attachment":[{"href":"https:\/\/eva.sundstrom.st\/index.php?rest_route=%2Fwp%2Fv2%2Fmedia&parent=2555"}],"wp:term":[{"taxonomy":"category","embeddable":true,"href":"https:\/\/eva.sundstrom.st\/index.php?rest_route=%2Fwp%2Fv2%2Fcategories&post=2555"},{"taxonomy":"post_tag","embeddable":true,"href":"https:\/\/eva.sundstrom.st\/index.php?rest_route=%2Fwp%2Fv2%2Ftags&post=2555"}],"curies":[{"name":"wp","href":"https:\/\/api.w.org\/{rel}","templated":true}]}}