{"id":2562,"date":"2011-01-16T11:11:16","date_gmt":"2011-01-16T10:11:16","guid":{"rendered":"http:\/\/www.eva.sundstrom.st\/?p=2562"},"modified":"2011-01-16T11:11:16","modified_gmt":"2011-01-16T10:11:16","slug":"110116","status":"publish","type":"post","link":"https:\/\/eva.sundstrom.st\/?p=2562","title":{"rendered":"110116"},"content":{"rendered":"<p>Det nya \u00e5ret har minsann bjudit oss p\u00e5 alla sorters v\u00e4der fast det bara \u00e4r 16 dagar gammalt. Ymnigt sn\u00f6fall, kyla, regn och blidv\u00e4der.<\/p>\n<p>I g\u00e5r fick jag hj\u00e4lp av \u00e4ldste sonen att b\u00e4ra ut alla mattrasor till &#8221;mi bo&#8221;.<br \/>\nSedan satt jag d\u00e4r och spann och b\u00f6rjade virka p\u00e5 en matta. Om jag n\u00e5gon g\u00e5ng f\u00e5r ordning p\u00e5 samarbetet  kamera- dator kan det h\u00e4nda att det kommer bilder. Det \u00e4r helt uppenbart att jag \u00e4r en urusel arbetsledare.<\/p>\n<p>N\u00e5gra kv\u00e4llar under veckan som g\u00e5tt plockade jag fram ett gammalt ufo. \u00c4ven nu p\u00e5 morgon har jag \u00e4gnat mig \u00e5t detta och i huvudet kommer tanken<\/p>\n<p>Det g\u00e5r hit det g\u00e5r dit , repa upp en liten bit det \u00e4r en evighetsmaskin, det \u00e4r en evighetsmaskin.<\/p>\n<p>Efter mycket r\u00e4knande och pillande s\u00e5 kom n\u00e4sta tanke<\/p>\n<p>Det g\u00e5r l\u00e5ngsamt fram men det g\u00e5r \u00e4nd\u00e5 fram, jag hurrar f\u00f6r min stickning n\u00e4r jag b\u00f6rjar p\u00e5 chart F.<\/p>\n<p>Var det verkligen s\u00e5 l\u00e4ngesedan som 2007 vi  b\u00f6rjade sticka p\u00e5 det KAL projektet som kallas Vattensjal?<br \/>\nDet st\u00e5r 2007 p\u00e5 utskriften s\u00e5 det kan nog vara s\u00e5. Kanske \u00e4r det n\u00e5gon som stickat det och som minns. <\/p>\n<p>Sannerligen ett l\u00e5\u00e5\u00e5\u00e5\u00e5\u00e5\u00e5\u00e5ng ufo i s\u00e5 fall. <\/p>\n<p>\u00d6nskar att ni alla har en bra dag. <\/p>\n","protected":false},"excerpt":{"rendered":"<p>Det nya \u00e5ret har minsann bjudit oss p\u00e5 alla sorters v\u00e4der fast det bara \u00e4r 16 dagar gammalt. Ymnigt sn\u00f6fall, kyla, regn och blidv\u00e4der. I g\u00e5r fick jag hj\u00e4lp av \u00e4ldste sonen att b\u00e4ra ut alla mattrasor till &#8221;mi bo&#8221;. Sedan satt jag d\u00e4r och spann och b\u00f6rjade virka p\u00e5 en matta. Om jag n\u00e5gon [&hellip;]<\/p>\n","protected":false},"author":1,"featured_media":0,"comment_status":"open","ping_status":"open","sticky":false,"template":"","format":"standard","meta":{"footnotes":""},"categories":[5,9],"tags":[],"class_list":["post-2562","post","type-post","status-publish","format-standard","hentry","category-fran-garnlagret","category-livet"],"_links":{"self":[{"href":"https:\/\/eva.sundstrom.st\/index.php?rest_route=\/wp\/v2\/posts\/2562","targetHints":{"allow":["GET"]}}],"collection":[{"href":"https:\/\/eva.sundstrom.st\/index.php?rest_route=\/wp\/v2\/posts"}],"about":[{"href":"https:\/\/eva.sundstrom.st\/index.php?rest_route=\/wp\/v2\/types\/post"}],"author":[{"embeddable":true,"href":"https:\/\/eva.sundstrom.st\/index.php?rest_route=\/wp\/v2\/users\/1"}],"replies":[{"embeddable":true,"href":"https:\/\/eva.sundstrom.st\/index.php?rest_route=%2Fwp%2Fv2%2Fcomments&post=2562"}],"version-history":[{"count":1,"href":"https:\/\/eva.sundstrom.st\/index.php?rest_route=\/wp\/v2\/posts\/2562\/revisions"}],"predecessor-version":[{"id":2563,"href":"https:\/\/eva.sundstrom.st\/index.php?rest_route=\/wp\/v2\/posts\/2562\/revisions\/2563"}],"wp:attachment":[{"href":"https:\/\/eva.sundstrom.st\/index.php?rest_route=%2Fwp%2Fv2%2Fmedia&parent=2562"}],"wp:term":[{"taxonomy":"category","embeddable":true,"href":"https:\/\/eva.sundstrom.st\/index.php?rest_route=%2Fwp%2Fv2%2Fcategories&post=2562"},{"taxonomy":"post_tag","embeddable":true,"href":"https:\/\/eva.sundstrom.st\/index.php?rest_route=%2Fwp%2Fv2%2Ftags&post=2562"}],"curies":[{"name":"wp","href":"https:\/\/api.w.org\/{rel}","templated":true}]}}