{"id":2568,"date":"2011-01-22T08:17:33","date_gmt":"2011-01-22T07:17:33","guid":{"rendered":"http:\/\/www.eva.sundstrom.st\/?p=2568"},"modified":"2011-01-22T08:17:33","modified_gmt":"2011-01-22T07:17:33","slug":"en-objuden-gast","status":"publish","type":"post","link":"https:\/\/eva.sundstrom.st\/?p=2568","title":{"rendered":"En objuden g\u00e4st"},"content":{"rendered":"<p>Har en inneboende som inte als \u00e4r v\u00e4lkommen att bo h\u00e4r.<br \/>\nHoppades det bara skulle bli en vecka eller s\u00e5 och vidtog vissa \u00e5tg\u00e4rder s\u00e5 fort jag ins\u00e5g vad som var p\u00e5 G. <\/p>\n<p>Nu har jag insett att det s\u00e4kert blir en m\u00e5nad igen. Hoppas bara det r\u00e4cker.<br \/>\nVi g\u00e5r inte als ihop och jag blir l\u00e4ttretlig av hans blotta n\u00e4rvaro.<br \/>\nVill INTE ha honom under mitt tak.<\/p>\n<p>Har  ju s\u00e5 mycket som jag vill g\u00f6ra g\u00f6ra just nu och den inneboende tar allt f\u00f6r mycket energi.<\/p>\n<p>Jag vill:<br \/>\nF\u00e5 ig\u00e5ng v\u00e4vstolen och nu vet jag inte om jag kommer att kunna v\u00e4va f\u00f6r den objudna g\u00e4stens skull.<\/p>\n<p>Jag vill karda, Inte j\u00e4ttepoppis<\/p>\n<p>Jag vill spinna , det g\u00e5r men om jag inte kan karda s\u00e5 har jag ju inget att spinna?<\/p>\n<p>Jag vill sticka sm\u00e5tr\u00f6jor, strumpor och sjalar och d\u00e5 sticker han fram sitt fula tryne och jag blir s\u00e5 sur.<\/p>\n<p>Dessutom \u00e4r os\u00e4mjan mellan datorn och kameran fortfarande i full blomm s\u00e5 jag kan inte heller \u00e4gna mig \u00e5t mina bilder .   \ud83d\ude41   \ud83d\ude41<\/p>\n<p>Den inneboende heter Morbus de Quervain och \u00e4r en riktigt otrevlig typ i mina \u00f6gon<\/p>\n<p>S\u00c5, nu har jag klagat f\u00e4rdigt.  T\u00e4nkte ta en riktig bloggrunda i dag och se vad ni har f\u00f6r er.  <\/p>\n<p>Sortera lite mattrasor ska v\u00e4ll ocks\u00e5 g\u00e5 bra.<\/p>\n<p>\u00d6nskar er alla en fin helg.<\/p>\n","protected":false},"excerpt":{"rendered":"<p>Har en inneboende som inte als \u00e4r v\u00e4lkommen att bo h\u00e4r. Hoppades det bara skulle bli en vecka eller s\u00e5 och vidtog vissa \u00e5tg\u00e4rder s\u00e5 fort jag ins\u00e5g vad som var p\u00e5 G. Nu har jag insett att det s\u00e4kert blir en m\u00e5nad igen. Hoppas bara det r\u00e4cker. Vi g\u00e5r inte als ihop och jag [&hellip;]<\/p>\n","protected":false},"author":1,"featured_media":0,"comment_status":"open","ping_status":"open","sticky":false,"template":"","format":"standard","meta":{"footnotes":""},"categories":[9],"tags":[],"class_list":["post-2568","post","type-post","status-publish","format-standard","hentry","category-livet"],"_links":{"self":[{"href":"https:\/\/eva.sundstrom.st\/index.php?rest_route=\/wp\/v2\/posts\/2568","targetHints":{"allow":["GET"]}}],"collection":[{"href":"https:\/\/eva.sundstrom.st\/index.php?rest_route=\/wp\/v2\/posts"}],"about":[{"href":"https:\/\/eva.sundstrom.st\/index.php?rest_route=\/wp\/v2\/types\/post"}],"author":[{"embeddable":true,"href":"https:\/\/eva.sundstrom.st\/index.php?rest_route=\/wp\/v2\/users\/1"}],"replies":[{"embeddable":true,"href":"https:\/\/eva.sundstrom.st\/index.php?rest_route=%2Fwp%2Fv2%2Fcomments&post=2568"}],"version-history":[{"count":3,"href":"https:\/\/eva.sundstrom.st\/index.php?rest_route=\/wp\/v2\/posts\/2568\/revisions"}],"predecessor-version":[{"id":2571,"href":"https:\/\/eva.sundstrom.st\/index.php?rest_route=\/wp\/v2\/posts\/2568\/revisions\/2571"}],"wp:attachment":[{"href":"https:\/\/eva.sundstrom.st\/index.php?rest_route=%2Fwp%2Fv2%2Fmedia&parent=2568"}],"wp:term":[{"taxonomy":"category","embeddable":true,"href":"https:\/\/eva.sundstrom.st\/index.php?rest_route=%2Fwp%2Fv2%2Fcategories&post=2568"},{"taxonomy":"post_tag","embeddable":true,"href":"https:\/\/eva.sundstrom.st\/index.php?rest_route=%2Fwp%2Fv2%2Ftags&post=2568"}],"curies":[{"name":"wp","href":"https:\/\/api.w.org\/{rel}","templated":true}]}}