{"id":2606,"date":"2011-02-17T17:47:27","date_gmt":"2011-02-17T16:47:27","guid":{"rendered":"http:\/\/www.eva.sundstrom.st\/?p=2606"},"modified":"2011-02-17T17:47:27","modified_gmt":"2011-02-17T16:47:27","slug":"moebius-sjal","status":"publish","type":"post","link":"https:\/\/eva.sundstrom.st\/?p=2606","title":{"rendered":"Moebius sjal"},"content":{"rendered":"<p>Det sista jag stickade innan jag fick stickf\u00f6rbud var en Moebius sjal<br \/>\nFick lov att ta hj\u00e4lp fr\u00e5n olika m\u00f6nster och n\u00e4tsidor innan jag kom p\u00e5 hur det skulle vara. Bland annat kikade jag p\u00e5 <a href=\"http:\/\/www.wermland.nu\/Stickning\/\">Barbros<\/a> sida. Hon har m\u00e5nga fina gratism\u00f6nster.  S\u00e5 h\u00e4r blev resultatet.<\/p>\n<p><a href=\"http:\/\/www.eva.sundstrom.st\/wp-content\/upload\/DSC06915.jpg\"><img loading=\"lazy\" decoding=\"async\" src=\"http:\/\/www.eva.sundstrom.st\/wp-content\/upload\/DSC06915.jpg\" alt=\"\" title=\"DSC06915\" width=\"345\" height=\"460\" class=\"aligncenter size-full wp-image-2607\" srcset=\"https:\/\/eva.sundstrom.st\/wp-content\/upload\/DSC06915.jpg 345w, https:\/\/eva.sundstrom.st\/wp-content\/upload\/DSC06915-225x300.jpg 225w\" sizes=\"auto, (max-width: 345px) 100vw, 345px\" \/><\/a><\/p>\n<p>Den blev lite stor och f\u00e4rgen passar inte mig s\u00e5 en v\u00e4n till mig har f\u00e5tt den.<br \/>\nVill g\u00e4rna g\u00f6ra en till och d\u00e5 ska jag f\u00f6rs\u00f6ka anpassa storleken lite b\u00e4ttre n\u00e4r jag vet hur jag ska g\u00f6ra.<\/p>\n<p> M\u00e5 gott.<\/p>\n","protected":false},"excerpt":{"rendered":"<p>Det sista jag stickade innan jag fick stickf\u00f6rbud var en Moebius sjal Fick lov att ta hj\u00e4lp fr\u00e5n olika m\u00f6nster och n\u00e4tsidor innan jag kom p\u00e5 hur det skulle vara. Bland annat kikade jag p\u00e5 Barbros sida. Hon har m\u00e5nga fina gratism\u00f6nster. S\u00e5 h\u00e4r blev resultatet. Den blev lite stor och f\u00e4rgen passar inte mig [&hellip;]<\/p>\n","protected":false},"author":1,"featured_media":0,"comment_status":"open","ping_status":"open","sticky":false,"template":"","format":"standard","meta":{"footnotes":""},"categories":[5],"tags":[],"class_list":["post-2606","post","type-post","status-publish","format-standard","hentry","category-fran-garnlagret"],"_links":{"self":[{"href":"https:\/\/eva.sundstrom.st\/index.php?rest_route=\/wp\/v2\/posts\/2606","targetHints":{"allow":["GET"]}}],"collection":[{"href":"https:\/\/eva.sundstrom.st\/index.php?rest_route=\/wp\/v2\/posts"}],"about":[{"href":"https:\/\/eva.sundstrom.st\/index.php?rest_route=\/wp\/v2\/types\/post"}],"author":[{"embeddable":true,"href":"https:\/\/eva.sundstrom.st\/index.php?rest_route=\/wp\/v2\/users\/1"}],"replies":[{"embeddable":true,"href":"https:\/\/eva.sundstrom.st\/index.php?rest_route=%2Fwp%2Fv2%2Fcomments&post=2606"}],"version-history":[{"count":5,"href":"https:\/\/eva.sundstrom.st\/index.php?rest_route=\/wp\/v2\/posts\/2606\/revisions"}],"predecessor-version":[{"id":2612,"href":"https:\/\/eva.sundstrom.st\/index.php?rest_route=\/wp\/v2\/posts\/2606\/revisions\/2612"}],"wp:attachment":[{"href":"https:\/\/eva.sundstrom.st\/index.php?rest_route=%2Fwp%2Fv2%2Fmedia&parent=2606"}],"wp:term":[{"taxonomy":"category","embeddable":true,"href":"https:\/\/eva.sundstrom.st\/index.php?rest_route=%2Fwp%2Fv2%2Fcategories&post=2606"},{"taxonomy":"post_tag","embeddable":true,"href":"https:\/\/eva.sundstrom.st\/index.php?rest_route=%2Fwp%2Fv2%2Ftags&post=2606"}],"curies":[{"name":"wp","href":"https:\/\/api.w.org\/{rel}","templated":true}]}}