{"id":2626,"date":"2011-03-15T19:01:11","date_gmt":"2011-03-15T18:01:11","guid":{"rendered":"http:\/\/www.eva.sundstrom.st\/?p=2626"},"modified":"2011-03-15T19:02:31","modified_gmt":"2011-03-15T18:02:31","slug":"110315","status":"publish","type":"post","link":"https:\/\/eva.sundstrom.st\/?p=2626","title":{"rendered":"110315"},"content":{"rendered":"<p>T\u00e4nk att solen har visat sig b\u00e5de i g\u00e5r och i dag. I g\u00e5r gick jag rent av en liten promenad efter jobbet och det var fortfarande dagsljus. H\u00e4rligt.<\/p>\n<p>Ett tag t\u00e4nkte jag mig en promenad i dag ocks\u00e5 men det blev inte av. Ut gick jag och tog kameran med mig men jag kom aldrig l\u00e4ngre \u00e4n till tr\u00e4dg\u00e5rden.<\/p>\n<p>D\u00e4r hittade jag v\u00e5rens f\u00f6rsta blommor.<\/p>\n<p><a href=\"http:\/\/www.eva.sundstrom.st\/wp-content\/upload\/DSC06987.jpg\"><img loading=\"lazy\" decoding=\"async\" src=\"http:\/\/www.eva.sundstrom.st\/wp-content\/upload\/DSC06987.jpg\" alt=\"\" title=\"DSC06987\" width=\"460\" height=\"345\" class=\"aligncenter size-full wp-image-2627\" srcset=\"https:\/\/eva.sundstrom.st\/wp-content\/upload\/DSC06987.jpg 460w, https:\/\/eva.sundstrom.st\/wp-content\/upload\/DSC06987-300x225.jpg 300w\" sizes=\"auto, (max-width: 460px) 100vw, 460px\" \/><\/a><\/p>\n<p>Sedan hamnade jag i min lilla &#8221;stuga&#8221; och slog in n\u00e5gra inslag i v\u00e4ven<\/p>\n<p><a href=\"http:\/\/www.eva.sundstrom.st\/wp-content\/upload\/DSC06990.jpg\"><img loading=\"lazy\" decoding=\"async\" src=\"http:\/\/www.eva.sundstrom.st\/wp-content\/upload\/DSC06990.jpg\" alt=\"\" title=\"DSC06990\" width=\"460\" height=\"345\" class=\"aligncenter size-full wp-image-2628\" srcset=\"https:\/\/eva.sundstrom.st\/wp-content\/upload\/DSC06990.jpg 460w, https:\/\/eva.sundstrom.st\/wp-content\/upload\/DSC06990-300x225.jpg 300w\" sizes=\"auto, (max-width: 460px) 100vw, 460px\" \/><\/a><\/p>\n<p>N\u00e4r jag kom in igen uppt\u00e4ckte jag att hibiskusen bj\u00f6d p\u00e5 en nyutslagen blomma.<\/p>\n<p><a href=\"http:\/\/www.eva.sundstrom.st\/wp-content\/upload\/DSC06992.jpg\"><img loading=\"lazy\" decoding=\"async\" src=\"http:\/\/www.eva.sundstrom.st\/wp-content\/upload\/DSC06992.jpg\" alt=\"\" title=\"DSC06992\" width=\"460\" height=\"345\" class=\"aligncenter size-full wp-image-2629\" srcset=\"https:\/\/eva.sundstrom.st\/wp-content\/upload\/DSC06992.jpg 460w, https:\/\/eva.sundstrom.st\/wp-content\/upload\/DSC06992-300x225.jpg 300w\" sizes=\"auto, (max-width: 460px) 100vw, 460px\" \/><\/a><\/p>\n<p>Lev v\u00e4l och m\u00e5 gott.<\/p>\n","protected":false},"excerpt":{"rendered":"<p>T\u00e4nk att solen har visat sig b\u00e5de i g\u00e5r och i dag. I g\u00e5r gick jag rent av en liten promenad efter jobbet och det var fortfarande dagsljus. H\u00e4rligt. Ett tag t\u00e4nkte jag mig en promenad i dag ocks\u00e5 men det blev inte av. Ut gick jag och tog kameran med mig men jag kom [&hellip;]<\/p>\n","protected":false},"author":1,"featured_media":0,"comment_status":"open","ping_status":"open","sticky":false,"template":"","format":"standard","meta":{"footnotes":""},"categories":[4],"tags":[],"class_list":["post-2626","post","type-post","status-publish","format-standard","hentry","category-allmant"],"_links":{"self":[{"href":"https:\/\/eva.sundstrom.st\/index.php?rest_route=\/wp\/v2\/posts\/2626","targetHints":{"allow":["GET"]}}],"collection":[{"href":"https:\/\/eva.sundstrom.st\/index.php?rest_route=\/wp\/v2\/posts"}],"about":[{"href":"https:\/\/eva.sundstrom.st\/index.php?rest_route=\/wp\/v2\/types\/post"}],"author":[{"embeddable":true,"href":"https:\/\/eva.sundstrom.st\/index.php?rest_route=\/wp\/v2\/users\/1"}],"replies":[{"embeddable":true,"href":"https:\/\/eva.sundstrom.st\/index.php?rest_route=%2Fwp%2Fv2%2Fcomments&post=2626"}],"version-history":[{"count":2,"href":"https:\/\/eva.sundstrom.st\/index.php?rest_route=\/wp\/v2\/posts\/2626\/revisions"}],"predecessor-version":[{"id":2632,"href":"https:\/\/eva.sundstrom.st\/index.php?rest_route=\/wp\/v2\/posts\/2626\/revisions\/2632"}],"wp:attachment":[{"href":"https:\/\/eva.sundstrom.st\/index.php?rest_route=%2Fwp%2Fv2%2Fmedia&parent=2626"}],"wp:term":[{"taxonomy":"category","embeddable":true,"href":"https:\/\/eva.sundstrom.st\/index.php?rest_route=%2Fwp%2Fv2%2Fcategories&post=2626"},{"taxonomy":"post_tag","embeddable":true,"href":"https:\/\/eva.sundstrom.st\/index.php?rest_route=%2Fwp%2Fv2%2Ftags&post=2626"}],"curies":[{"name":"wp","href":"https:\/\/api.w.org\/{rel}","templated":true}]}}