{"id":2636,"date":"2011-04-10T17:29:39","date_gmt":"2011-04-10T16:29:39","guid":{"rendered":"http:\/\/www.eva.sundstrom.st\/?p=2636"},"modified":"2011-04-10T17:29:39","modified_gmt":"2011-04-10T16:29:39","slug":"en-harlig-vardag","status":"publish","type":"post","link":"https:\/\/eva.sundstrom.st\/?p=2636","title":{"rendered":"En h\u00e4rlig v\u00e5rdag."},"content":{"rendered":"<p>Ja, vi har verkligen haft ett par  fina dagar.<br \/>\nHar k\u00e4nt mig h\u00e4ngig och tr\u00f6tt flera veckor. Under veckan som g\u00e5tt  fick jag dessutom ont i halsen och t\u00e4t n\u00e4sa. Tog ledigt torsdag och hade ledig dag fredag. T\u00e4nkte att det blir till att vara hemma en vecka eller s\u00e5.<br \/>\nFick \u00e4nd\u00e5 till de s\u00e5 jag planterade n\u00e5gra pelargonskott i g\u00e5r.<br \/>\nI dag har jag  varit ute lite. Tog tag i krattan och krattade en liten  pl\u00e4tt framf\u00f6r &#8221;lillstugan&#8221;.  Hade lite kardad ull kvar som jag spann och sedan v\u00e4vde jag n\u00e5gon decimeter.<br \/>\nK\u00e4nns som som livsandarna \u00e4r p\u00e5 v\u00e4g till baka. Fixar nog att jobba till veckan om jag bara ser till att inte g\u00f6ra n\u00e5gon extra tid.<br \/>\n\u00c5tta dagar kvar till handkirurgen!?<br \/>\nHa det gott g\u00f3 v\u00e4nner. \u00d6nskar er m\u00e5nga fina v\u00e5rdagar nu.<\/p>\n","protected":false},"excerpt":{"rendered":"<p>Ja, vi har verkligen haft ett par fina dagar. Har k\u00e4nt mig h\u00e4ngig och tr\u00f6tt flera veckor. Under veckan som g\u00e5tt fick jag dessutom ont i halsen och t\u00e4t n\u00e4sa. Tog ledigt torsdag och hade ledig dag fredag. T\u00e4nkte att det blir till att vara hemma en vecka eller s\u00e5. Fick \u00e4nd\u00e5 till de s\u00e5 [&hellip;]<\/p>\n","protected":false},"author":1,"featured_media":0,"comment_status":"open","ping_status":"open","sticky":false,"template":"","format":"standard","meta":{"footnotes":""},"categories":[1],"tags":[],"class_list":["post-2636","post","type-post","status-publish","format-standard","hentry","category-uncategorized"],"_links":{"self":[{"href":"https:\/\/eva.sundstrom.st\/index.php?rest_route=\/wp\/v2\/posts\/2636","targetHints":{"allow":["GET"]}}],"collection":[{"href":"https:\/\/eva.sundstrom.st\/index.php?rest_route=\/wp\/v2\/posts"}],"about":[{"href":"https:\/\/eva.sundstrom.st\/index.php?rest_route=\/wp\/v2\/types\/post"}],"author":[{"embeddable":true,"href":"https:\/\/eva.sundstrom.st\/index.php?rest_route=\/wp\/v2\/users\/1"}],"replies":[{"embeddable":true,"href":"https:\/\/eva.sundstrom.st\/index.php?rest_route=%2Fwp%2Fv2%2Fcomments&post=2636"}],"version-history":[{"count":1,"href":"https:\/\/eva.sundstrom.st\/index.php?rest_route=\/wp\/v2\/posts\/2636\/revisions"}],"predecessor-version":[{"id":2637,"href":"https:\/\/eva.sundstrom.st\/index.php?rest_route=\/wp\/v2\/posts\/2636\/revisions\/2637"}],"wp:attachment":[{"href":"https:\/\/eva.sundstrom.st\/index.php?rest_route=%2Fwp%2Fv2%2Fmedia&parent=2636"}],"wp:term":[{"taxonomy":"category","embeddable":true,"href":"https:\/\/eva.sundstrom.st\/index.php?rest_route=%2Fwp%2Fv2%2Fcategories&post=2636"},{"taxonomy":"post_tag","embeddable":true,"href":"https:\/\/eva.sundstrom.st\/index.php?rest_route=%2Fwp%2Fv2%2Ftags&post=2636"}],"curies":[{"name":"wp","href":"https:\/\/api.w.org\/{rel}","templated":true}]}}