{"id":2646,"date":"2011-04-21T19:57:12","date_gmt":"2011-04-21T18:57:12","guid":{"rendered":"http:\/\/www.eva.sundstrom.st\/?p=2646"},"modified":"2011-04-22T09:21:06","modified_gmt":"2011-04-22T08:21:06","slug":"skartorsdag-2011","status":"publish","type":"post","link":"https:\/\/eva.sundstrom.st\/?p=2646","title":{"rendered":"Sk\u00e4rtorsdag 2011"},"content":{"rendered":"<p>Vill \u00f6nska er alla en riktigt bra p\u00e5skhelg.<\/p>\n<p>G\u00f6r det genom att dela med mig av en fin bukett blommor som jag fick i dag.<\/p>\n<p><a href=\"http:\/\/www.eva.sundstrom.st\/wp-content\/upload\/DSC07041.jpg\"><img loading=\"lazy\" decoding=\"async\" src=\"http:\/\/www.eva.sundstrom.st\/wp-content\/upload\/DSC07041.jpg\" alt=\"\" title=\"DSC07041\" width=\"385\" height=\"330\" class=\"aligncenter size-full wp-image-2648\" srcset=\"https:\/\/eva.sundstrom.st\/wp-content\/upload\/DSC07041.jpg 385w, https:\/\/eva.sundstrom.st\/wp-content\/upload\/DSC07041-300x257.jpg 300w\" sizes=\"auto, (max-width: 385px) 100vw, 385px\" \/><\/a><\/p>\n<p>Har avslutat sjalen jag stickat p\u00e5.<br \/>\nGick ut i det vackra v\u00e4dret och tog en massa helt v\u00e4rdel\u00f6sa kort.<br \/>\nDet blir ju s\u00e5 ibland.<\/p>\n<p>P\u00e5 den h\u00e4r bilden kanske man \u00e4nd\u00e5 f\u00e5r ett hum om hur den ser ut.<\/p>\n<p><a href=\"http:\/\/www.eva.sundstrom.st\/wp-content\/upload\/DSC07047.jpg\"><img loading=\"lazy\" decoding=\"async\" src=\"http:\/\/www.eva.sundstrom.st\/wp-content\/upload\/DSC07047.jpg\" alt=\"\" title=\"DSC07047\" width=\"370\" height=\"322\" class=\"aligncenter size-full wp-image-2649\" srcset=\"https:\/\/eva.sundstrom.st\/wp-content\/upload\/DSC07047.jpg 370w, https:\/\/eva.sundstrom.st\/wp-content\/upload\/DSC07047-300x261.jpg 300w\" sizes=\"auto, (max-width: 370px) 100vw, 370px\" \/><\/a><\/p>\n<p>Det har varit ett underbart v\u00e4der h\u00e4r i dag och jag har f\u00f6rs\u00f6kt f\u00f6rbereda lite f\u00f6r helgen. F\u00e5r bes\u00f6k av en del barn och barnbarn.  <\/p>\n<p>Nu  ikv\u00e4ll tog vi bilen, Gubben och jag, och \u00e5kte en liten sv\u00e4ng p\u00e5 sm\u00e5 skogsv\u00e4gar. Fem \u00e4lgar, i varierande storlek, och en hare bj\u00f6d naturen p\u00e5.<\/p>\n<p>Lev v\u00e4l och m\u00e5 gott<\/p>\n<p>Till\u00e4gg 110422<br \/>\nGarnet \u00e4r Drops Verdi, \u00e4ven m\u00f6nstret kommer fr\u00e5n drops.\/ ES<\/p>\n","protected":false},"excerpt":{"rendered":"<p>Vill \u00f6nska er alla en riktigt bra p\u00e5skhelg. G\u00f6r det genom att dela med mig av en fin bukett blommor som jag fick i dag. Har avslutat sjalen jag stickat p\u00e5. Gick ut i det vackra v\u00e4dret och tog en massa helt v\u00e4rdel\u00f6sa kort. Det blir ju s\u00e5 ibland. P\u00e5 den h\u00e4r bilden kanske man [&hellip;]<\/p>\n","protected":false},"author":1,"featured_media":0,"comment_status":"open","ping_status":"open","sticky":false,"template":"","format":"standard","meta":{"footnotes":""},"categories":[5,10],"tags":[],"class_list":["post-2646","post","type-post","status-publish","format-standard","hentry","category-fran-garnlagret","category-vader"],"_links":{"self":[{"href":"https:\/\/eva.sundstrom.st\/index.php?rest_route=\/wp\/v2\/posts\/2646","targetHints":{"allow":["GET"]}}],"collection":[{"href":"https:\/\/eva.sundstrom.st\/index.php?rest_route=\/wp\/v2\/posts"}],"about":[{"href":"https:\/\/eva.sundstrom.st\/index.php?rest_route=\/wp\/v2\/types\/post"}],"author":[{"embeddable":true,"href":"https:\/\/eva.sundstrom.st\/index.php?rest_route=\/wp\/v2\/users\/1"}],"replies":[{"embeddable":true,"href":"https:\/\/eva.sundstrom.st\/index.php?rest_route=%2Fwp%2Fv2%2Fcomments&post=2646"}],"version-history":[{"count":5,"href":"https:\/\/eva.sundstrom.st\/index.php?rest_route=\/wp\/v2\/posts\/2646\/revisions"}],"predecessor-version":[{"id":2653,"href":"https:\/\/eva.sundstrom.st\/index.php?rest_route=\/wp\/v2\/posts\/2646\/revisions\/2653"}],"wp:attachment":[{"href":"https:\/\/eva.sundstrom.st\/index.php?rest_route=%2Fwp%2Fv2%2Fmedia&parent=2646"}],"wp:term":[{"taxonomy":"category","embeddable":true,"href":"https:\/\/eva.sundstrom.st\/index.php?rest_route=%2Fwp%2Fv2%2Fcategories&post=2646"},{"taxonomy":"post_tag","embeddable":true,"href":"https:\/\/eva.sundstrom.st\/index.php?rest_route=%2Fwp%2Fv2%2Ftags&post=2646"}],"curies":[{"name":"wp","href":"https:\/\/api.w.org\/{rel}","templated":true}]}}