{"id":2661,"date":"2011-04-25T11:41:58","date_gmt":"2011-04-25T10:41:58","guid":{"rendered":"http:\/\/www.eva.sundstrom.st\/?p=2661"},"modified":"2011-04-25T11:41:58","modified_gmt":"2011-04-25T10:41:58","slug":"stralande-sol-och-sommarvarme-paskdagen-2011","status":"publish","type":"post","link":"https:\/\/eva.sundstrom.st\/?p=2661","title":{"rendered":"Str\u00e5lande sol och sommarv\u00e4rme P\u00e5skdagen 2011"},"content":{"rendered":"<p>Hel pl\u00f6tsligt, i g\u00e5r kv\u00e4ll, t\u00f6mdes huset p\u00e5 7 vuxna och tv\u00e5 sm\u00e5barn. Bara far och mor f\u00f6r\u00e4ldrarna kvar. K\u00e4nns onekligen lite tomt i dag. Den str\u00e5lande solen, den spirande gr\u00f6nskan och f\u00e5gels\u00e5ngen g\u00f6r \u00e4nd\u00e5 denna dag till en underbar dag.<\/p>\n<p>I sj\u00e4l och hj\u00e4rta b\u00e4r vi med oss den h\u00e4rliga k\u00e4nslan av att ha barn som vill komma hem och h\u00e4lsa p\u00e5 sina &#8221;gamla&#8221; f\u00f6r\u00e4ldrar.<\/p>\n<p>Jag ser det som en g\u00e5va att vi, p\u00e5 p\u00e5skdagen, fick fira \u00e4ldste sonens f\u00f6delsedag tillsammans med alla fyra barnen deras sambor och dom tv\u00e5 sm\u00e5 barnbarnen.    <\/p>\n","protected":false},"excerpt":{"rendered":"<p>Hel pl\u00f6tsligt, i g\u00e5r kv\u00e4ll, t\u00f6mdes huset p\u00e5 7 vuxna och tv\u00e5 sm\u00e5barn. Bara far och mor f\u00f6r\u00e4ldrarna kvar. K\u00e4nns onekligen lite tomt i dag. Den str\u00e5lande solen, den spirande gr\u00f6nskan och f\u00e5gels\u00e5ngen g\u00f6r \u00e4nd\u00e5 denna dag till en underbar dag. I sj\u00e4l och hj\u00e4rta b\u00e4r vi med oss den h\u00e4rliga k\u00e4nslan av att ha [&hellip;]<\/p>\n","protected":false},"author":1,"featured_media":0,"comment_status":"open","ping_status":"open","sticky":false,"template":"","format":"standard","meta":{"footnotes":""},"categories":[4,10],"tags":[],"class_list":["post-2661","post","type-post","status-publish","format-standard","hentry","category-allmant","category-vader"],"_links":{"self":[{"href":"https:\/\/eva.sundstrom.st\/index.php?rest_route=\/wp\/v2\/posts\/2661","targetHints":{"allow":["GET"]}}],"collection":[{"href":"https:\/\/eva.sundstrom.st\/index.php?rest_route=\/wp\/v2\/posts"}],"about":[{"href":"https:\/\/eva.sundstrom.st\/index.php?rest_route=\/wp\/v2\/types\/post"}],"author":[{"embeddable":true,"href":"https:\/\/eva.sundstrom.st\/index.php?rest_route=\/wp\/v2\/users\/1"}],"replies":[{"embeddable":true,"href":"https:\/\/eva.sundstrom.st\/index.php?rest_route=%2Fwp%2Fv2%2Fcomments&post=2661"}],"version-history":[{"count":1,"href":"https:\/\/eva.sundstrom.st\/index.php?rest_route=\/wp\/v2\/posts\/2661\/revisions"}],"predecessor-version":[{"id":2662,"href":"https:\/\/eva.sundstrom.st\/index.php?rest_route=\/wp\/v2\/posts\/2661\/revisions\/2662"}],"wp:attachment":[{"href":"https:\/\/eva.sundstrom.st\/index.php?rest_route=%2Fwp%2Fv2%2Fmedia&parent=2661"}],"wp:term":[{"taxonomy":"category","embeddable":true,"href":"https:\/\/eva.sundstrom.st\/index.php?rest_route=%2Fwp%2Fv2%2Fcategories&post=2661"},{"taxonomy":"post_tag","embeddable":true,"href":"https:\/\/eva.sundstrom.st\/index.php?rest_route=%2Fwp%2Fv2%2Ftags&post=2661"}],"curies":[{"name":"wp","href":"https:\/\/api.w.org\/{rel}","templated":true}]}}