{"id":2700,"date":"2011-06-01T16:37:48","date_gmt":"2011-06-01T15:37:48","guid":{"rendered":"http:\/\/www.eva.sundstrom.st\/?p=2700"},"modified":"2011-06-01T16:37:48","modified_gmt":"2011-06-01T15:37:48","slug":"en-speciell-dag","status":"publish","type":"post","link":"https:\/\/eva.sundstrom.st\/?p=2700","title":{"rendered":"En speciell dag."},"content":{"rendered":"<p>I dag \u00e4r det en alldeles speciell dag.<\/p>\n<p><a href=\"http:\/\/www.eva.sundstrom.st\/wp-content\/upload\/DSC07087.jpg\"><img loading=\"lazy\" decoding=\"async\" src=\"http:\/\/www.eva.sundstrom.st\/wp-content\/upload\/DSC07087.jpg\" alt=\"\" title=\"DSC07087\" width=\"468\" height=\"396\" class=\"aligncenter size-full wp-image-2702\" srcset=\"https:\/\/eva.sundstrom.st\/wp-content\/upload\/DSC07087.jpg 468w, https:\/\/eva.sundstrom.st\/wp-content\/upload\/DSC07087-300x253.jpg 300w\" sizes=\"auto, (max-width: 468px) 100vw, 468px\" \/><\/a><\/p>\n<p>Det var den dagen som b\u00f6rjade med sol och v\u00e4rme och slutade med \u00e5ska.<br \/>\nDet var den dagen jag f\u00f6r f\u00f6rsta g\u00e5ngen h\u00f6ll ett alldeles nyf\u00f6tt barn i min armar.<br \/>\nVilken lycka. En s\u00e5 fin liten \u00e4ppelkindad t\u00f6sabit. <\/p>\n<p><a href=\"http:\/\/www.eva.sundstrom.st\/wp-content\/upload\/DSC07086.jpg\"><img loading=\"lazy\" decoding=\"async\" src=\"http:\/\/www.eva.sundstrom.st\/wp-content\/upload\/DSC07086.jpg\" alt=\"\" title=\"DSC07086\" width=\"460\" height=\"345\" class=\"aligncenter size-full wp-image-2703\" srcset=\"https:\/\/eva.sundstrom.st\/wp-content\/upload\/DSC07086.jpg 460w, https:\/\/eva.sundstrom.st\/wp-content\/upload\/DSC07086-300x225.jpg 300w\" sizes=\"auto, (max-width: 460px) 100vw, 460px\" \/><\/a><\/p>\n<p>Men sedan vet jag inte riktigt vad som h\u00e4nt.<br \/>\nDet har g\u00e5tt s\u00e5 fort, alldeles f\u00f6r fort. Det k\u00e4nns inte riktigt m\u00f6jligt men det p\u00e5st\u00e5s att hon fyller 35 \u00e5r i dag. <\/p>\n<p>Jag som nyss fyllde 40!!!!<\/p>\n<p><a href=\"http:\/\/www.eva.sundstrom.st\/wp-content\/upload\/DSC07082.jpg\"><img loading=\"lazy\" decoding=\"async\" src=\"http:\/\/www.eva.sundstrom.st\/wp-content\/upload\/DSC07082.jpg\" alt=\"\" title=\"DSC07082\" width=\"460\" height=\"345\" class=\"aligncenter size-full wp-image-2706\" srcset=\"https:\/\/eva.sundstrom.st\/wp-content\/upload\/DSC07082.jpg 460w, https:\/\/eva.sundstrom.st\/wp-content\/upload\/DSC07082-300x225.jpg 300w\" sizes=\"auto, (max-width: 460px) 100vw, 460px\" \/><\/a><\/p>\n<p>Vi \u00e4r n\u00e5gra stycken, flera f\u00e5r g\u00e4rna komma, som tr\u00e4ffas i f\u00f6rsamlingshemmet varannan onsdag. Vi slutade f\u00f6r sommaren f\u00f6rra veckan. Handarbetscaf\u00e9 kallar vi det \u00f6r s\u00e5 ingen ska k\u00e4nna sig tvungen att sticka.  Det blir jag som f\u00e5r boka f\u00f6rsamlingshemmet, l\u00e5sa upp och l\u00e5sa f\u00f6r det \u00e4r bara jag som har nyckel.<br \/>\nF\u00f6r det fick jag f\u00f6rra \u00e5ret den engelska pelargonen ovan. Har lyckats \u00f6vervintra den och det k\u00e4nns s\u00e5 roligt.<\/p>\n<p>Pelargonen nedan fick jag i onsdags.<\/p>\n<p><a href=\"http:\/\/www.eva.sundstrom.st\/wp-content\/upload\/DSC07085.jpg\"><img loading=\"lazy\" decoding=\"async\" src=\"http:\/\/www.eva.sundstrom.st\/wp-content\/upload\/DSC07085.jpg\" alt=\"\" title=\"DSC07085\" width=\"460\" height=\"345\" class=\"aligncenter size-full wp-image-2704\" srcset=\"https:\/\/eva.sundstrom.st\/wp-content\/upload\/DSC07085.jpg 460w, https:\/\/eva.sundstrom.st\/wp-content\/upload\/DSC07085-300x225.jpg 300w\" sizes=\"auto, (max-width: 460px) 100vw, 460px\" \/><\/a><\/p>\n<p>Den \u00e4r helt underbart vacker.<\/p>\n<p>Har bes\u00f6kt DLM  i dag och f\u00e5tt en litet n\u00e4tt oml\u00e4ggnig.<br \/>\nDet s\u00e5g fint ut och k\u00e4nns bra men SSK tyckte att jag kunde ha ett litet skydd p\u00e5 n\u00e5gra dagar till.<\/p>\n<p><a href=\"http:\/\/www.eva.sundstrom.st\/wp-content\/upload\/DSC07088.jpg\"><img loading=\"lazy\" decoding=\"async\" src=\"http:\/\/www.eva.sundstrom.st\/wp-content\/upload\/DSC07088.jpg\" alt=\"\" title=\"DSC07088\" width=\"460\" height=\"345\" class=\"aligncenter size-full wp-image-2701\" srcset=\"https:\/\/eva.sundstrom.st\/wp-content\/upload\/DSC07088.jpg 460w, https:\/\/eva.sundstrom.st\/wp-content\/upload\/DSC07088-300x225.jpg 300w\" sizes=\"auto, (max-width: 460px) 100vw, 460px\" \/><\/a><\/p>\n<p>\u00d6nskar er alla en riktigt fin helg.<br \/>\nLev v\u00e4l och m\u00e5 gott.<\/p>\n","protected":false},"excerpt":{"rendered":"<p>I dag \u00e4r det en alldeles speciell dag. Det var den dagen som b\u00f6rjade med sol och v\u00e4rme och slutade med \u00e5ska. Det var den dagen jag f\u00f6r f\u00f6rsta g\u00e5ngen h\u00f6ll ett alldeles nyf\u00f6tt barn i min armar. Vilken lycka. En s\u00e5 fin liten \u00e4ppelkindad t\u00f6sabit. Men sedan vet jag inte riktigt vad som h\u00e4nt. [&hellip;]<\/p>\n","protected":false},"author":1,"featured_media":0,"comment_status":"open","ping_status":"open","sticky":false,"template":"","format":"standard","meta":{"footnotes":""},"categories":[9],"tags":[],"class_list":["post-2700","post","type-post","status-publish","format-standard","hentry","category-livet"],"_links":{"self":[{"href":"https:\/\/eva.sundstrom.st\/index.php?rest_route=\/wp\/v2\/posts\/2700","targetHints":{"allow":["GET"]}}],"collection":[{"href":"https:\/\/eva.sundstrom.st\/index.php?rest_route=\/wp\/v2\/posts"}],"about":[{"href":"https:\/\/eva.sundstrom.st\/index.php?rest_route=\/wp\/v2\/types\/post"}],"author":[{"embeddable":true,"href":"https:\/\/eva.sundstrom.st\/index.php?rest_route=\/wp\/v2\/users\/1"}],"replies":[{"embeddable":true,"href":"https:\/\/eva.sundstrom.st\/index.php?rest_route=%2Fwp%2Fv2%2Fcomments&post=2700"}],"version-history":[{"count":5,"href":"https:\/\/eva.sundstrom.st\/index.php?rest_route=\/wp\/v2\/posts\/2700\/revisions"}],"predecessor-version":[{"id":2711,"href":"https:\/\/eva.sundstrom.st\/index.php?rest_route=\/wp\/v2\/posts\/2700\/revisions\/2711"}],"wp:attachment":[{"href":"https:\/\/eva.sundstrom.st\/index.php?rest_route=%2Fwp%2Fv2%2Fmedia&parent=2700"}],"wp:term":[{"taxonomy":"category","embeddable":true,"href":"https:\/\/eva.sundstrom.st\/index.php?rest_route=%2Fwp%2Fv2%2Fcategories&post=2700"},{"taxonomy":"post_tag","embeddable":true,"href":"https:\/\/eva.sundstrom.st\/index.php?rest_route=%2Fwp%2Fv2%2Ftags&post=2700"}],"curies":[{"name":"wp","href":"https:\/\/api.w.org\/{rel}","templated":true}]}}