{"id":2735,"date":"2011-06-20T17:48:55","date_gmt":"2011-06-20T16:48:55","guid":{"rendered":"http:\/\/www.eva.sundstrom.st\/?p=2735"},"modified":"2011-06-20T17:50:23","modified_gmt":"2011-06-20T16:50:23","slug":"virkad-matta-4","status":"publish","type":"post","link":"https:\/\/eva.sundstrom.st\/?p=2735","title":{"rendered":"Virkad matta 4"},"content":{"rendered":"<p>Arbetade bara p\u00e5 f\u00f6rmiddagen i dag och hade planerat lite f\u00f6r eftermiddagen. Skulle sticka lite framl\u00e4nges, det jag stickade bakl\u00e4nges i g\u00e5r, och st\u00e4da i Lillstugan. Sedan skulle jag f\u00e5 en l\u00e5ng ledig em. Ledig f\u00f6rvisso men vad \u00e4r inte roligare \u00e4n att st\u00e4da?  Stickningen bra, spinna gick bra, plantera blommor gick bra, v\u00e4va gick bra, fota matta gick bra. <\/p>\n<p><a href=\"http:\/\/www.eva.sundstrom.st\/wp-content\/upload\/DSC07154.jpg\"><img loading=\"lazy\" decoding=\"async\" src=\"http:\/\/www.eva.sundstrom.st\/wp-content\/upload\/DSC07154.jpg\" alt=\"\" title=\"DSC07154\" width=\"491\" height=\"368\" class=\"aligncenter size-full wp-image-2736\" srcset=\"https:\/\/eva.sundstrom.st\/wp-content\/upload\/DSC07154.jpg 491w, https:\/\/eva.sundstrom.st\/wp-content\/upload\/DSC07154-300x224.jpg 300w\" sizes=\"auto, (max-width: 491px) 100vw, 491px\" \/><\/a><\/p>\n<p>Till slut kom \u00e4nd\u00e5 snabeldraken fram och nu \u00e4r det ordning i stugan.<br \/>\nSitter h\u00e4r nu och har s\u00e5 sm\u00e5tt b\u00f6rjat p\u00e5 \u00e4nnu en hj\u00e4rtekatt.  Tror \u00e4nd\u00e5 att jag tar en v\u00e4nda till ut till v\u00e4vstolen. S\u00e5 roligt att kunna skicka skytteln fram och tillbaka utan att det g\u00f6r det minsta ont.<\/p>\n<p>Kategori fr\u00e5n garnlagret \u00e4r v\u00e4ll lite fel. Borde ju vara traslgret!<\/p>\n","protected":false},"excerpt":{"rendered":"<p>Arbetade bara p\u00e5 f\u00f6rmiddagen i dag och hade planerat lite f\u00f6r eftermiddagen. Skulle sticka lite framl\u00e4nges, det jag stickade bakl\u00e4nges i g\u00e5r, och st\u00e4da i Lillstugan. Sedan skulle jag f\u00e5 en l\u00e5ng ledig em. Ledig f\u00f6rvisso men vad \u00e4r inte roligare \u00e4n att st\u00e4da? Stickningen bra, spinna gick bra, plantera blommor gick bra, v\u00e4va gick [&hellip;]<\/p>\n","protected":false},"author":1,"featured_media":0,"comment_status":"open","ping_status":"open","sticky":false,"template":"","format":"standard","meta":{"footnotes":""},"categories":[5],"tags":[],"class_list":["post-2735","post","type-post","status-publish","format-standard","hentry","category-fran-garnlagret"],"_links":{"self":[{"href":"https:\/\/eva.sundstrom.st\/index.php?rest_route=\/wp\/v2\/posts\/2735","targetHints":{"allow":["GET"]}}],"collection":[{"href":"https:\/\/eva.sundstrom.st\/index.php?rest_route=\/wp\/v2\/posts"}],"about":[{"href":"https:\/\/eva.sundstrom.st\/index.php?rest_route=\/wp\/v2\/types\/post"}],"author":[{"embeddable":true,"href":"https:\/\/eva.sundstrom.st\/index.php?rest_route=\/wp\/v2\/users\/1"}],"replies":[{"embeddable":true,"href":"https:\/\/eva.sundstrom.st\/index.php?rest_route=%2Fwp%2Fv2%2Fcomments&post=2735"}],"version-history":[{"count":6,"href":"https:\/\/eva.sundstrom.st\/index.php?rest_route=\/wp\/v2\/posts\/2735\/revisions"}],"predecessor-version":[{"id":2741,"href":"https:\/\/eva.sundstrom.st\/index.php?rest_route=\/wp\/v2\/posts\/2735\/revisions\/2741"}],"wp:attachment":[{"href":"https:\/\/eva.sundstrom.st\/index.php?rest_route=%2Fwp%2Fv2%2Fmedia&parent=2735"}],"wp:term":[{"taxonomy":"category","embeddable":true,"href":"https:\/\/eva.sundstrom.st\/index.php?rest_route=%2Fwp%2Fv2%2Fcategories&post=2735"},{"taxonomy":"post_tag","embeddable":true,"href":"https:\/\/eva.sundstrom.st\/index.php?rest_route=%2Fwp%2Fv2%2Ftags&post=2735"}],"curies":[{"name":"wp","href":"https:\/\/api.w.org\/{rel}","templated":true}]}}