{"id":2754,"date":"2011-06-26T20:01:59","date_gmt":"2011-06-26T19:01:59","guid":{"rendered":"http:\/\/www.eva.sundstrom.st\/?p=2754"},"modified":"2011-06-26T20:01:59","modified_gmt":"2011-06-26T19:01:59","slug":"sondag-110626","status":"publish","type":"post","link":"https:\/\/eva.sundstrom.st\/?p=2754","title":{"rendered":"S\u00f6ndag 110626"},"content":{"rendered":"<p>Det har varit en riktigt fin sommardag i dag.  <\/p>\n<p>B\u00f6rjade h\u00e4r utanf\u00f6r Lillstugan p\u00e5 f\u00f6rmiddagen.<\/p>\n<p><a href=\"http:\/\/www.eva.sundstrom.st\/wp-content\/upload\/DSC07177.jpg\"><img loading=\"lazy\" decoding=\"async\" src=\"http:\/\/www.eva.sundstrom.st\/wp-content\/upload\/DSC07177-150x150.jpg\" alt=\"\" title=\"DSC07177\" width=\"150\" height=\"150\" class=\"aligncenter size-thumbnail wp-image-2755\" \/><\/a><\/p>\n<p>Under dagen fick jag lov att vandra omkring f\u00f6r att inte \u00f6verhettas. \u00c4ppeldtr\u00e4dets skugga var som balsam n\u00e4r det var som varmast.<br \/>\nEn och en halv spole entr\u00e5digt garn blev det. Sedan fick jag lov att karda lite igen.<br \/>\nEn halv svans fattas och sedan b\u00f6rjar monterandet igen.<br \/>\nDagens uteaktiviteter avslutades med en skogspromenad. Nu blir det tv, dator och kanske lite svansvirkning och sedan godnatt.<br \/>\nVi h\u00f6rs!<\/p>\n","protected":false},"excerpt":{"rendered":"<p>Det har varit en riktigt fin sommardag i dag. B\u00f6rjade h\u00e4r utanf\u00f6r Lillstugan p\u00e5 f\u00f6rmiddagen. Under dagen fick jag lov att vandra omkring f\u00f6r att inte \u00f6verhettas. \u00c4ppeldtr\u00e4dets skugga var som balsam n\u00e4r det var som varmast. En och en halv spole entr\u00e5digt garn blev det. Sedan fick jag lov att karda lite igen. En [&hellip;]<\/p>\n","protected":false},"author":1,"featured_media":0,"comment_status":"open","ping_status":"open","sticky":false,"template":"","format":"standard","meta":{"footnotes":""},"categories":[4,5],"tags":[],"class_list":["post-2754","post","type-post","status-publish","format-standard","hentry","category-allmant","category-fran-garnlagret"],"_links":{"self":[{"href":"https:\/\/eva.sundstrom.st\/index.php?rest_route=\/wp\/v2\/posts\/2754","targetHints":{"allow":["GET"]}}],"collection":[{"href":"https:\/\/eva.sundstrom.st\/index.php?rest_route=\/wp\/v2\/posts"}],"about":[{"href":"https:\/\/eva.sundstrom.st\/index.php?rest_route=\/wp\/v2\/types\/post"}],"author":[{"embeddable":true,"href":"https:\/\/eva.sundstrom.st\/index.php?rest_route=\/wp\/v2\/users\/1"}],"replies":[{"embeddable":true,"href":"https:\/\/eva.sundstrom.st\/index.php?rest_route=%2Fwp%2Fv2%2Fcomments&post=2754"}],"version-history":[{"count":3,"href":"https:\/\/eva.sundstrom.st\/index.php?rest_route=\/wp\/v2\/posts\/2754\/revisions"}],"predecessor-version":[{"id":2758,"href":"https:\/\/eva.sundstrom.st\/index.php?rest_route=\/wp\/v2\/posts\/2754\/revisions\/2758"}],"wp:attachment":[{"href":"https:\/\/eva.sundstrom.st\/index.php?rest_route=%2Fwp%2Fv2%2Fmedia&parent=2754"}],"wp:term":[{"taxonomy":"category","embeddable":true,"href":"https:\/\/eva.sundstrom.st\/index.php?rest_route=%2Fwp%2Fv2%2Fcategories&post=2754"},{"taxonomy":"post_tag","embeddable":true,"href":"https:\/\/eva.sundstrom.st\/index.php?rest_route=%2Fwp%2Fv2%2Ftags&post=2754"}],"curies":[{"name":"wp","href":"https:\/\/api.w.org\/{rel}","templated":true}]}}