{"id":2794,"date":"2011-07-21T20:16:45","date_gmt":"2011-07-21T19:16:45","guid":{"rendered":"http:\/\/www.eva.sundstrom.st\/?p=2794"},"modified":"2011-07-21T20:23:36","modified_gmt":"2011-07-21T19:23:36","slug":"nu-har-det-hant-igen-garnlagret-utokat","status":"publish","type":"post","link":"https:\/\/eva.sundstrom.st\/?p=2794","title":{"rendered":"Nu har det h\u00e4nt igen. Garnlagret ut\u00f6kat."},"content":{"rendered":"<p>I Tisdags var min sv\u00e4gerska och jag p\u00e5 utflykt  till Grunnebo garn i Uddevalla. S\u00e5 klart kunde vi inte komma hem tomh\u00e4nta. <\/p>\n<p><a href=\"http:\/\/www.eva.sundstrom.st\/wp-content\/upload\/DSC07238.jpg\"><img loading=\"lazy\" decoding=\"async\" src=\"http:\/\/www.eva.sundstrom.st\/wp-content\/upload\/DSC07238-150x150.jpg\" alt=\"\" title=\"DSC07238\" width=\"150\" height=\"150\" class=\"aligncenter size-thumbnail wp-image-2795\" \/><\/a><\/p>\n<p>Sv\u00e4gerskan k\u00f6pte viking sport och bj\u00f6rk. fyra nystan J\u00e4rbo raggi i printade f\u00e4rger som jag inte sett f\u00f6rut och n\u00e5gra nystan bl\u00e5 bj\u00f6rk.<\/p>\n<p>P\u00e5 v\u00e4gen hem stannade vi till vid Garntorpet i H\u00e5hult. D\u00e4r hamnade n\u00e5gra mer nystan i v\u00e5ra kassar.<\/p>\n<p><a href=\"http:\/\/www.eva.sundstrom.st\/wp-content\/upload\/DSC07239.jpg\"><img loading=\"lazy\" decoding=\"async\" src=\"http:\/\/www.eva.sundstrom.st\/wp-content\/upload\/DSC07239-150x150.jpg\" alt=\"\" title=\"DSC07239\" width=\"150\" height=\"150\" class=\"aligncenter size-thumbnail wp-image-2796\" \/><\/a><\/p>\n<p>Vi hade en fin dag tillsammans.<\/p>\n<p>Sist en bild p\u00e5 sv\u00e4gerskans strumstickning.<\/p>\n<p><a href=\"http:\/\/www.eva.sundstrom.st\/wp-content\/upload\/DSC07240.jpg\"><img loading=\"lazy\" decoding=\"async\" src=\"http:\/\/www.eva.sundstrom.st\/wp-content\/upload\/DSC07240-150x150.jpg\" alt=\"\" title=\"DSC07240\" width=\"150\" height=\"150\" class=\"aligncenter size-thumbnail wp-image-2797\" \/><\/a><\/p>\n<p>(alla bilder \u00e4r klickbara)<\/p>\n","protected":false},"excerpt":{"rendered":"<p>I Tisdags var min sv\u00e4gerska och jag p\u00e5 utflykt till Grunnebo garn i Uddevalla. S\u00e5 klart kunde vi inte komma hem tomh\u00e4nta. Sv\u00e4gerskan k\u00f6pte viking sport och bj\u00f6rk. fyra nystan J\u00e4rbo raggi i printade f\u00e4rger som jag inte sett f\u00f6rut och n\u00e5gra nystan bl\u00e5 bj\u00f6rk. P\u00e5 v\u00e4gen hem stannade vi till vid Garntorpet i H\u00e5hult. [&hellip;]<\/p>\n","protected":false},"author":1,"featured_media":0,"comment_status":"open","ping_status":"open","sticky":false,"template":"","format":"standard","meta":{"footnotes":""},"categories":[5],"tags":[],"class_list":["post-2794","post","type-post","status-publish","format-standard","hentry","category-fran-garnlagret"],"_links":{"self":[{"href":"https:\/\/eva.sundstrom.st\/index.php?rest_route=\/wp\/v2\/posts\/2794","targetHints":{"allow":["GET"]}}],"collection":[{"href":"https:\/\/eva.sundstrom.st\/index.php?rest_route=\/wp\/v2\/posts"}],"about":[{"href":"https:\/\/eva.sundstrom.st\/index.php?rest_route=\/wp\/v2\/types\/post"}],"author":[{"embeddable":true,"href":"https:\/\/eva.sundstrom.st\/index.php?rest_route=\/wp\/v2\/users\/1"}],"replies":[{"embeddable":true,"href":"https:\/\/eva.sundstrom.st\/index.php?rest_route=%2Fwp%2Fv2%2Fcomments&post=2794"}],"version-history":[{"count":5,"href":"https:\/\/eva.sundstrom.st\/index.php?rest_route=\/wp\/v2\/posts\/2794\/revisions"}],"predecessor-version":[{"id":2801,"href":"https:\/\/eva.sundstrom.st\/index.php?rest_route=\/wp\/v2\/posts\/2794\/revisions\/2801"}],"wp:attachment":[{"href":"https:\/\/eva.sundstrom.st\/index.php?rest_route=%2Fwp%2Fv2%2Fmedia&parent=2794"}],"wp:term":[{"taxonomy":"category","embeddable":true,"href":"https:\/\/eva.sundstrom.st\/index.php?rest_route=%2Fwp%2Fv2%2Fcategories&post=2794"},{"taxonomy":"post_tag","embeddable":true,"href":"https:\/\/eva.sundstrom.st\/index.php?rest_route=%2Fwp%2Fv2%2Ftags&post=2794"}],"curies":[{"name":"wp","href":"https:\/\/api.w.org\/{rel}","templated":true}]}}