{"id":280,"date":"2007-08-29T19:08:49","date_gmt":"2007-08-29T18:08:49","guid":{"rendered":"http:\/\/www.eva.sundstrom.st\/?p=280"},"modified":"2007-08-29T19:08:49","modified_gmt":"2007-08-29T18:08:49","slug":"ordnigen-aterstalld","status":"publish","type":"post","link":"https:\/\/eva.sundstrom.st\/?p=280","title":{"rendered":"Ordnigen"},"content":{"rendered":"<p>S\u00e5 har vi d\u00e5 kommit hem fr\u00e5n Norrland igen.<br \/>\nYngste sonen har intagit sitt rum p\u00e5 elevhemmet och gubben och jag \u00e4r ensamma med katten.<\/p>\n<p>Detta var v\u00e5r fj\u00e4rde resa till Arjeplog.<br \/>\nF\u00f6rst p\u00e5 en bes\u00f6kshelg i maj 2006.  V\u00e4dret var kanon.<br \/>\nI augusti b\u00f6rjade han s\u00e5 skolan d\u00e4r uppe och v\u00e4dret var fortfarande full sommar.<\/p>\n<p>I b\u00f6rjan av juni 2007 var vi upp igen och h\u00e4mtar hem sonen f\u00f6r sommarlov.Varm och soligt igen.<\/p>\n<p>B\u00f6rjade n\u00e4stan tro att det alltid \u00e4r toppenv\u00e4der i Arjeplog.<br \/>\nNu var det dock h\u00f6st i luften p\u00e5 riktigt.<br \/>\nRegnet h\u00f6ll sig i allafall borta medan vi var d\u00e4r.<\/p>\n<p>Vi \u00e5kte hemmifr\u00e5n p\u00e5 l\u00f6rdag morgon och p\u00e5 kv\u00e4llen, efter en del kaffe och matraster, var vi framme i \u00d6stersund,<\/p>\n<p>D\u00e4r \u00f6vernattade vi p\u00e5 <a href=\"http:\/\/www.nyapensionatet.se\">Nya Pensionatet<\/a><\/p>\n<p>I matsalen kunde man ta te, kaffe eller choklad p\u00e5 kv\u00e4llen.<\/p>\n<p>Te smakade gott i dessa fina koppar.<\/p>\n<p><a href='http:\/\/www.eva.sundstrom.st\/wp-content\/upload\/dsc00981.jpg' title='dsc00981.jpg'><img src='http:\/\/www.eva.sundstrom.st\/wp-content\/upload\/dsc00981.jpg' alt='dsc00981.jpg' \/><\/a><\/p>\n<p>P\u00e5 morgonen fick vi frukost och jag kunde inte l\u00e5ta bli att ta n\u00e5gra kort.<\/p>\n<p><a href='http:\/\/www.eva.sundstrom.st\/wp-content\/upload\/dsc00983.jpg' title='dsc00983.jpg'><img src='http:\/\/www.eva.sundstrom.st\/wp-content\/upload\/dsc00983.jpg' alt='dsc00983.jpg' \/><\/a><\/p>\n<p>Kolla in burkarna som b\u00e4r upp upph\u00f6jningen p\u00e5 bordet.<\/p>\n<p>Norsk Fetsill st\u00e5r det p\u00e5 dom.<\/p>\n<p><a href='http:\/\/www.eva.sundstrom.st\/wp-content\/upload\/dsc00980.jpg' title='dsc00980.jpg'><img src='http:\/\/www.eva.sundstrom.st\/wp-content\/upload\/dsc00980.jpg' alt='dsc00980.jpg' \/><\/a><\/p>\n<p>Till sist fick kransen som h\u00e4ngde \u00f6ver diskb\u00e4nken ocks\u00e5 f\u00f6lja med.<\/p>\n<p><a href='http:\/\/www.eva.sundstrom.st\/wp-content\/upload\/dsc00982.jpg' title='dsc00982.jpg'><img src='http:\/\/www.eva.sundstrom.st\/wp-content\/upload\/dsc00982.jpg' alt='dsc00982.jpg' \/><\/a><\/p>\n<p>Och s\u00e5 en suddig bild p\u00e5 planteringarna vid centralstationen. <\/p>\n<p>Den togs genom rutan i flygande fl\u00e4ng.<\/p>\n<p><a href='http:\/\/www.eva.sundstrom.st\/wp-content\/upload\/dsc00984.jpg' title='dsc00984.jpg'><img src='http:\/\/www.eva.sundstrom.st\/wp-content\/upload\/dsc00984.jpg' alt='dsc00984.jpg' \/><\/a><\/p>\n<p>Det var en till likadan plantering till h\u00f6ger. Mycke vackert.<\/p>\n<p>Resan forts\u00e4tter. M\u00e5 gott s\u00e5 l\u00e4nge.<\/p>\n","protected":false},"excerpt":{"rendered":"<p>S\u00e5 har vi d\u00e5 kommit hem fr\u00e5n Norrland igen. Yngste sonen har intagit sitt rum p\u00e5 elevhemmet och gubben och jag \u00e4r ensamma med katten. Detta var v\u00e5r fj\u00e4rde resa till Arjeplog. F\u00f6rst p\u00e5 en bes\u00f6kshelg i maj 2006. V\u00e4dret var kanon. I augusti b\u00f6rjade han s\u00e5 skolan d\u00e4r uppe och v\u00e4dret var fortfarande full [&hellip;]<\/p>\n","protected":false},"author":1,"featured_media":0,"comment_status":"open","ping_status":"open","sticky":false,"template":"","format":"standard","meta":{"footnotes":""},"categories":[1],"tags":[],"class_list":["post-280","post","type-post","status-publish","format-standard","hentry","category-uncategorized"],"_links":{"self":[{"href":"https:\/\/eva.sundstrom.st\/index.php?rest_route=\/wp\/v2\/posts\/280","targetHints":{"allow":["GET"]}}],"collection":[{"href":"https:\/\/eva.sundstrom.st\/index.php?rest_route=\/wp\/v2\/posts"}],"about":[{"href":"https:\/\/eva.sundstrom.st\/index.php?rest_route=\/wp\/v2\/types\/post"}],"author":[{"embeddable":true,"href":"https:\/\/eva.sundstrom.st\/index.php?rest_route=\/wp\/v2\/users\/1"}],"replies":[{"embeddable":true,"href":"https:\/\/eva.sundstrom.st\/index.php?rest_route=%2Fwp%2Fv2%2Fcomments&post=280"}],"version-history":[{"count":0,"href":"https:\/\/eva.sundstrom.st\/index.php?rest_route=\/wp\/v2\/posts\/280\/revisions"}],"wp:attachment":[{"href":"https:\/\/eva.sundstrom.st\/index.php?rest_route=%2Fwp%2Fv2%2Fmedia&parent=280"}],"wp:term":[{"taxonomy":"category","embeddable":true,"href":"https:\/\/eva.sundstrom.st\/index.php?rest_route=%2Fwp%2Fv2%2Fcategories&post=280"},{"taxonomy":"post_tag","embeddable":true,"href":"https:\/\/eva.sundstrom.st\/index.php?rest_route=%2Fwp%2Fv2%2Ftags&post=280"}],"curies":[{"name":"wp","href":"https:\/\/api.w.org\/{rel}","templated":true}]}}