{"id":2811,"date":"2011-07-28T08:31:17","date_gmt":"2011-07-28T07:31:17","guid":{"rendered":"http:\/\/www.eva.sundstrom.st\/?p=2811"},"modified":"2011-07-28T20:02:01","modified_gmt":"2011-07-28T19:02:01","slug":"810727-en-dag-jag-minns","status":"publish","type":"post","link":"https:\/\/eva.sundstrom.st\/?p=2811","title":{"rendered":"810727 en dag jag minns"},"content":{"rendered":"<p>I g\u00e5r var det 30 \u00e5r sedan det h\u00e4nde och g\u00e5rdagskv\u00e4llen tillbringades p\u00e5 <a href=\"http:\/\/www.norrqvarn.se\/\">Norrqvarns brygga<\/a><br \/>\nMed h\u00e4rligt s\u00e4llskap<br \/>\n<a href=\"http:\/\/www.eva.sundstrom.st\/wp-content\/upload\/DSC07260.jpg\"><img loading=\"lazy\" decoding=\"async\" src=\"http:\/\/www.eva.sundstrom.st\/wp-content\/upload\/DSC07260.jpg\" alt=\"\" title=\"DSC07260\" width=\"460\" height=\"245\" class=\"aligncenter size-full wp-image-2815\" srcset=\"https:\/\/eva.sundstrom.st\/wp-content\/upload\/DSC07260.jpg 460w, https:\/\/eva.sundstrom.st\/wp-content\/upload\/DSC07260-300x159.jpg 300w\" sizes=\"auto, (max-width: 460px) 100vw, 460px\" \/><\/a><\/p>\n<p>och gott p\u00e5 bordet blev det en riktigt fin kv\u00e4ll.<\/p>\n<p><a href=\"http:\/\/www.eva.sundstrom.st\/wp-content\/upload\/DSC07262.jpg\"><img loading=\"lazy\" decoding=\"async\" src=\"http:\/\/www.eva.sundstrom.st\/wp-content\/upload\/DSC07262.jpg\" alt=\"\" title=\"DSC07262\" width=\"456\" height=\"369\" class=\"aligncenter size-full wp-image-2814\" srcset=\"https:\/\/eva.sundstrom.st\/wp-content\/upload\/DSC07262.jpg 456w, https:\/\/eva.sundstrom.st\/wp-content\/upload\/DSC07262-300x242.jpg 300w\" sizes=\"auto, (max-width: 456px) 100vw, 456px\" \/><\/a><\/p>\n<p>S\u00e5 kom det en \u00f6verraskning <\/p>\n<p><a href=\"http:\/\/www.eva.sundstrom.st\/wp-content\/upload\/DSC07263.jpg\"><img loading=\"lazy\" decoding=\"async\" src=\"http:\/\/www.eva.sundstrom.st\/wp-content\/upload\/DSC07263.jpg\" alt=\"\" title=\"DSC07263\" width=\"214\" height=\"476\" class=\"aligncenter size-full wp-image-2813\" \/><\/a><\/p>\n<p>F\u00f6rra helgen var alla barn med familjer hemma och firade sin bror.<br \/>\nS\u00e5 roligt n\u00e4r hela familjen kan samlas.<br \/>\nNu har vi bara ett barn under 30.<br \/>\n\u00c4r det s\u00e5 att vi b\u00f6rja bli gamla?<\/p>\n<p>\u00d6nskar er alla en bra dag.<\/p>\n","protected":false},"excerpt":{"rendered":"<p>I g\u00e5r var det 30 \u00e5r sedan det h\u00e4nde och g\u00e5rdagskv\u00e4llen tillbringades p\u00e5 Norrqvarns brygga Med h\u00e4rligt s\u00e4llskap och gott p\u00e5 bordet blev det en riktigt fin kv\u00e4ll. S\u00e5 kom det en \u00f6verraskning F\u00f6rra helgen var alla barn med familjer hemma och firade sin bror. S\u00e5 roligt n\u00e4r hela familjen kan samlas. Nu har vi [&hellip;]<\/p>\n","protected":false},"author":1,"featured_media":0,"comment_status":"open","ping_status":"open","sticky":false,"template":"","format":"standard","meta":{"footnotes":""},"categories":[9],"tags":[],"class_list":["post-2811","post","type-post","status-publish","format-standard","hentry","category-livet"],"_links":{"self":[{"href":"https:\/\/eva.sundstrom.st\/index.php?rest_route=\/wp\/v2\/posts\/2811","targetHints":{"allow":["GET"]}}],"collection":[{"href":"https:\/\/eva.sundstrom.st\/index.php?rest_route=\/wp\/v2\/posts"}],"about":[{"href":"https:\/\/eva.sundstrom.st\/index.php?rest_route=\/wp\/v2\/types\/post"}],"author":[{"embeddable":true,"href":"https:\/\/eva.sundstrom.st\/index.php?rest_route=\/wp\/v2\/users\/1"}],"replies":[{"embeddable":true,"href":"https:\/\/eva.sundstrom.st\/index.php?rest_route=%2Fwp%2Fv2%2Fcomments&post=2811"}],"version-history":[{"count":5,"href":"https:\/\/eva.sundstrom.st\/index.php?rest_route=\/wp\/v2\/posts\/2811\/revisions"}],"predecessor-version":[{"id":2820,"href":"https:\/\/eva.sundstrom.st\/index.php?rest_route=\/wp\/v2\/posts\/2811\/revisions\/2820"}],"wp:attachment":[{"href":"https:\/\/eva.sundstrom.st\/index.php?rest_route=%2Fwp%2Fv2%2Fmedia&parent=2811"}],"wp:term":[{"taxonomy":"category","embeddable":true,"href":"https:\/\/eva.sundstrom.st\/index.php?rest_route=%2Fwp%2Fv2%2Fcategories&post=2811"},{"taxonomy":"post_tag","embeddable":true,"href":"https:\/\/eva.sundstrom.st\/index.php?rest_route=%2Fwp%2Fv2%2Ftags&post=2811"}],"curies":[{"name":"wp","href":"https:\/\/api.w.org\/{rel}","templated":true}]}}