{"id":2830,"date":"2011-08-08T19:13:05","date_gmt":"2011-08-08T18:13:05","guid":{"rendered":"http:\/\/www.eva.sundstrom.st\/?p=2830"},"modified":"2011-08-08T19:13:34","modified_gmt":"2011-08-08T18:13:34","slug":"det-var-en-bra-dag","status":"publish","type":"post","link":"https:\/\/eva.sundstrom.st\/?p=2830","title":{"rendered":"Det var en bra dag"},"content":{"rendered":"<p>Ja, det blev verkligen en bra dag p\u00e5 Hembygdsg\u00e5rden i g\u00e5r.<br \/>\nBorde ju ha tagit lite kort men det blev liksom aldrig av.<br \/>\nF\u00f6rst var jag med och kavlade br\u00f6dkakor. Fr\u00e5n bagarstugan finns bilder <a href=\"http:\/\/www.eva.sundstrom.st\/?p=2398\">h\u00e4r<\/a> fr\u00e5n bakningen f\u00f6rra \u00e5ret.<br \/>\nSedan satt jag i Kavelbrostugan, och spann.<br \/>\nDelade lokalen med en annan kvinna som h\u00e4ngde ut sin akvreller. Hon hade varit i samma lokaler f\u00f6rra \u00e5ret och tyckte det var bra att f\u00e5 s\u00e4llskap. Dessutom  hade hon erfarenhet av att jobba med ull och hantverk. Vi hade det s\u00e5 trevligt.<br \/>\nFick \u00e4ven ig\u00e5ng en bandv\u00e4v.<br \/>\nHoppas det blir liknande aktiviteter n\u00e4sta \u00e5r.<\/p>\n","protected":false},"excerpt":{"rendered":"<p>Ja, det blev verkligen en bra dag p\u00e5 Hembygdsg\u00e5rden i g\u00e5r. Borde ju ha tagit lite kort men det blev liksom aldrig av. F\u00f6rst var jag med och kavlade br\u00f6dkakor. Fr\u00e5n bagarstugan finns bilder h\u00e4r fr\u00e5n bakningen f\u00f6rra \u00e5ret. Sedan satt jag i Kavelbrostugan, och spann. Delade lokalen med en annan kvinna som h\u00e4ngde ut [&hellip;]<\/p>\n","protected":false},"author":1,"featured_media":0,"comment_status":"open","ping_status":"open","sticky":false,"template":"","format":"standard","meta":{"footnotes":""},"categories":[4],"tags":[],"class_list":["post-2830","post","type-post","status-publish","format-standard","hentry","category-allmant"],"_links":{"self":[{"href":"https:\/\/eva.sundstrom.st\/index.php?rest_route=\/wp\/v2\/posts\/2830","targetHints":{"allow":["GET"]}}],"collection":[{"href":"https:\/\/eva.sundstrom.st\/index.php?rest_route=\/wp\/v2\/posts"}],"about":[{"href":"https:\/\/eva.sundstrom.st\/index.php?rest_route=\/wp\/v2\/types\/post"}],"author":[{"embeddable":true,"href":"https:\/\/eva.sundstrom.st\/index.php?rest_route=\/wp\/v2\/users\/1"}],"replies":[{"embeddable":true,"href":"https:\/\/eva.sundstrom.st\/index.php?rest_route=%2Fwp%2Fv2%2Fcomments&post=2830"}],"version-history":[{"count":3,"href":"https:\/\/eva.sundstrom.st\/index.php?rest_route=\/wp\/v2\/posts\/2830\/revisions"}],"predecessor-version":[{"id":2833,"href":"https:\/\/eva.sundstrom.st\/index.php?rest_route=\/wp\/v2\/posts\/2830\/revisions\/2833"}],"wp:attachment":[{"href":"https:\/\/eva.sundstrom.st\/index.php?rest_route=%2Fwp%2Fv2%2Fmedia&parent=2830"}],"wp:term":[{"taxonomy":"category","embeddable":true,"href":"https:\/\/eva.sundstrom.st\/index.php?rest_route=%2Fwp%2Fv2%2Fcategories&post=2830"},{"taxonomy":"post_tag","embeddable":true,"href":"https:\/\/eva.sundstrom.st\/index.php?rest_route=%2Fwp%2Fv2%2Ftags&post=2830"}],"curies":[{"name":"wp","href":"https:\/\/api.w.org\/{rel}","templated":true}]}}