{"id":2834,"date":"2011-08-18T19:44:48","date_gmt":"2011-08-18T18:44:48","guid":{"rendered":"http:\/\/www.eva.sundstrom.st\/?p=2834"},"modified":"2011-08-21T13:03:33","modified_gmt":"2011-08-21T12:03:33","slug":"en-litet-torsdagshalsning","status":"publish","type":"post","link":"https:\/\/eva.sundstrom.st\/?p=2834","title":{"rendered":"En litet torsdagsh\u00e4lsning."},"content":{"rendered":"<p>H\u00e4r h\u00e4nder inte s\u00e5 mycket nu f\u00f6r tiden.<br \/>\nJag sitter h\u00e4r mest med foten p\u00e5 fotpallen och v\u00e4ntar p\u00e5 att min kr\u00e5nglande h\u00e4l ska sluta g\u00f6ra ont.<br \/>\nHar anm\u00e4lt mig till Sannerudsmark\u00e9n den 27\/8 men det \u00e4r inte hundra att jag kan vara med. Har i alla fall stickat till n\u00e5gra strumpor. Dom g\u00e5r ju \u00e5t f\u00f6rr eller senare i vilket fall.<br \/>\nSista paret ut <\/p>\n<p><a href=\"http:\/\/www.eva.sundstrom.st\/wp-content\/upload\/DSC07285.jpg\"><img loading=\"lazy\" decoding=\"async\" src=\"http:\/\/www.eva.sundstrom.st\/wp-content\/upload\/DSC07285.jpg\" alt=\"\" title=\"DSC07285\" width=\"522\" height=\"391\" class=\"aligncenter size-full wp-image-2835\" srcset=\"https:\/\/eva.sundstrom.st\/wp-content\/upload\/DSC07285.jpg 522w, https:\/\/eva.sundstrom.st\/wp-content\/upload\/DSC07285-300x224.jpg 300w\" sizes=\"auto, (max-width: 522px) 100vw, 522px\" \/><\/a><\/p>\n<p>Bara tr\u00e5dar kvar att f\u00e4sta.<\/p>\n<p>Ha det gott.<\/p>\n","protected":false},"excerpt":{"rendered":"<p>H\u00e4r h\u00e4nder inte s\u00e5 mycket nu f\u00f6r tiden. Jag sitter h\u00e4r mest med foten p\u00e5 fotpallen och v\u00e4ntar p\u00e5 att min kr\u00e5nglande h\u00e4l ska sluta g\u00f6ra ont. Har anm\u00e4lt mig till Sannerudsmark\u00e9n den 27\/8 men det \u00e4r inte hundra att jag kan vara med. Har i alla fall stickat till n\u00e5gra strumpor. Dom g\u00e5r ju [&hellip;]<\/p>\n","protected":false},"author":1,"featured_media":0,"comment_status":"open","ping_status":"open","sticky":false,"template":"","format":"standard","meta":{"footnotes":""},"categories":[4,5],"tags":[],"class_list":["post-2834","post","type-post","status-publish","format-standard","hentry","category-allmant","category-fran-garnlagret"],"_links":{"self":[{"href":"https:\/\/eva.sundstrom.st\/index.php?rest_route=\/wp\/v2\/posts\/2834","targetHints":{"allow":["GET"]}}],"collection":[{"href":"https:\/\/eva.sundstrom.st\/index.php?rest_route=\/wp\/v2\/posts"}],"about":[{"href":"https:\/\/eva.sundstrom.st\/index.php?rest_route=\/wp\/v2\/types\/post"}],"author":[{"embeddable":true,"href":"https:\/\/eva.sundstrom.st\/index.php?rest_route=\/wp\/v2\/users\/1"}],"replies":[{"embeddable":true,"href":"https:\/\/eva.sundstrom.st\/index.php?rest_route=%2Fwp%2Fv2%2Fcomments&post=2834"}],"version-history":[{"count":5,"href":"https:\/\/eva.sundstrom.st\/index.php?rest_route=\/wp\/v2\/posts\/2834\/revisions"}],"predecessor-version":[{"id":2841,"href":"https:\/\/eva.sundstrom.st\/index.php?rest_route=\/wp\/v2\/posts\/2834\/revisions\/2841"}],"wp:attachment":[{"href":"https:\/\/eva.sundstrom.st\/index.php?rest_route=%2Fwp%2Fv2%2Fmedia&parent=2834"}],"wp:term":[{"taxonomy":"category","embeddable":true,"href":"https:\/\/eva.sundstrom.st\/index.php?rest_route=%2Fwp%2Fv2%2Fcategories&post=2834"},{"taxonomy":"post_tag","embeddable":true,"href":"https:\/\/eva.sundstrom.st\/index.php?rest_route=%2Fwp%2Fv2%2Ftags&post=2834"}],"curies":[{"name":"wp","href":"https:\/\/api.w.org\/{rel}","templated":true}]}}