{"id":287,"date":"2007-08-30T19:24:27","date_gmt":"2007-08-30T18:24:27","guid":{"rendered":"http:\/\/www.eva.sundstrom.st\/?p=287"},"modified":"2007-08-30T19:24:27","modified_gmt":"2007-08-30T18:24:27","slug":"ostersund-arjeplog","status":"publish","type":"post","link":"https:\/\/eva.sundstrom.st\/?p=287","title":{"rendered":""},"content":{"rendered":"<p><a href='http:\/\/www.eva.sundstrom.st\/wp-content\/upload\/dsc00985.jpg' title='dsc00985.jpg'><img src='http:\/\/www.eva.sundstrom.st\/wp-content\/upload\/dsc00985.jpg' alt='dsc00985.jpg' \/><\/a><\/p>\n<p>Rosensk\u00e4ra fr\u00e5n Vojm\u00e5n<\/p>\n<p>Nu \u00e4r det bara transportstr\u00e4cka. Vi vill komma fram.<\/p>\n<p>Stannar vid Vojm\u00e5n  och kokar kaffe och bes\u00f6ker toaletten.<br \/>\nFinns en fin toalett p\u00e5 den h\u00e4r rastplatsen.<\/p>\n<p>Tog kort p\u00e5 lite vackra blommor.<\/p>\n<p><a href='http:\/\/www.eva.sundstrom.st\/wp-content\/upload\/dsc00986.jpg' title='dsc00986.jpg'><img src='http:\/\/www.eva.sundstrom.st\/wp-content\/upload\/dsc00986.jpg' alt='dsc00986.jpg' \/><\/a><\/p>\n<p>I mitten satt rosensk\u00e4ran.<\/p>\n<p>Vid receptionen fanns denna rabatt<\/p>\n<p><a href='http:\/\/www.eva.sundstrom.st\/wp-content\/upload\/dsc00994.jpg' title='dsc00994.jpg'><img src='http:\/\/www.eva.sundstrom.st\/wp-content\/upload\/dsc00994.jpg' alt='dsc00994.jpg' \/><\/a><\/p>\n<p>Vid pinnarna v\u00e4xte astrar i olika f\u00e4rger<\/p>\n<p><a href='http:\/\/www.eva.sundstrom.st\/wp-content\/upload\/dsc00995.jpg' title='dsc00995.jpg'><img src='http:\/\/www.eva.sundstrom.st\/wp-content\/upload\/dsc00995.jpg' alt='dsc00995.jpg' \/><\/a><\/p>\n<p><a href='http:\/\/www.eva.sundstrom.st\/wp-content\/upload\/dsc00996.jpg' title='dsc00996.jpg'><img src='http:\/\/www.eva.sundstrom.st\/wp-content\/upload\/dsc00996.jpg' alt='dsc00996.jpg' \/><\/a><\/p>\n<p>Och i b\u00f6rjan och i slutet p\u00e5 rabatten<\/p>\n<p>satt stora bakelser.<\/p>\n<p><a href='http:\/\/www.eva.sundstrom.st\/wp-content\/upload\/dsc00997.jpg' title='dsc00997.jpg'><img src='http:\/\/www.eva.sundstrom.st\/wp-content\/upload\/dsc00997.jpg' alt='dsc00997.jpg' \/><\/a><\/p>\n<p>Det \u00e4r en fin plats att stanna p\u00e5 men den h\u00e4r dagen bl\u00e5ste det kallt och regnet<\/p>\n<p>skv\u00e4tte lite. Ska v\u00e4ll visa en blid p\u00e5 sj\u00e4lva \u00e5n ocks\u00e5.<\/p>\n<p><a href='http:\/\/www.eva.sundstrom.st\/wp-content\/upload\/dsc00987.jpg' title='dsc00987.jpg'><img src='http:\/\/www.eva.sundstrom.st\/wp-content\/upload\/dsc00987.jpg' alt='dsc00987.jpg' \/><\/a><\/p>\n<p>Och s\u00e5 bj\u00f6rnen<\/p>\n<p><a href='http:\/\/www.eva.sundstrom.st\/wp-content\/upload\/dsc00993.jpg' title='dsc00993.jpg'><img src='http:\/\/www.eva.sundstrom.st\/wp-content\/upload\/dsc00993.jpg' alt='dsc00993.jpg' \/><\/a><\/p>\n<p>Och svanarna<\/p>\n<p><a href='http:\/\/www.eva.sundstrom.st\/wp-content\/upload\/dsc00990.jpg' title='dsc00990.jpg'><img src='http:\/\/www.eva.sundstrom.st\/wp-content\/upload\/dsc00990.jpg' alt='dsc00990.jpg' \/><\/a><\/p>\n<p>Dom tv\u00e5 sista bilderna f\u00f6rsk\u00f6nar deras sopkontainer!<\/p>\n<p>Vi forts\u00e4tter \u00e5kandet. Gubben k\u00f6r, jag stickar och sonen l\u00e4ser eller s\u00e5 kanske han slummrar en stund.<\/p>\n<p>En del renar befann sig p\u00e5 v\u00e4gen<\/p>\n<p><a href='http:\/\/www.eva.sundstrom.st\/wp-content\/upload\/dsc00998.jpg' title='dsc00998.jpg'><img src='http:\/\/www.eva.sundstrom.st\/wp-content\/upload\/dsc00998.jpg' alt='dsc00998.jpg' \/><\/a><\/p>\n<p>och i dess n\u00e4rhet. M\u00e4rkligt att det inte h\u00e4nder mer olyckor med renar.<\/p>\n<p><a href='http:\/\/www.eva.sundstrom.st\/wp-content\/upload\/dsc01000.jpg' title='dsc01000.jpg'><img src='http:\/\/www.eva.sundstrom.st\/wp-content\/upload\/dsc01000.jpg' alt='dsc01000.jpg' \/><\/a><\/p>\n<p>Inga bilder fr\u00e5n sj\u00e4lva Arjeplog. Kameran l\u00e5g tryggt nerkrupen i handv\u00e4skan.<\/p>\n<p>Senare p\u00e5 kv\u00e4llen n\u00e4r vi anl\u00e4nt till Skellefte\u00e5 kom den fram igen f\u00f6r att f\u00f6reviga sk\u00f6nheter men det f\u00e5r bli en annan dag. <\/p>\n<p>M\u00e5 gott.<\/p>\n","protected":false},"excerpt":{"rendered":"<p>Rosensk\u00e4ra fr\u00e5n Vojm\u00e5n Nu \u00e4r det bara transportstr\u00e4cka. Vi vill komma fram. Stannar vid Vojm\u00e5n och kokar kaffe och bes\u00f6ker toaletten. Finns en fin toalett p\u00e5 den h\u00e4r rastplatsen. Tog kort p\u00e5 lite vackra blommor. I mitten satt rosensk\u00e4ran. Vid receptionen fanns denna rabatt Vid pinnarna v\u00e4xte astrar i olika f\u00e4rger Och i b\u00f6rjan och [&hellip;]<\/p>\n","protected":false},"author":1,"featured_media":0,"comment_status":"open","ping_status":"open","sticky":false,"template":"","format":"standard","meta":{"footnotes":""},"categories":[1],"tags":[],"class_list":["post-287","post","type-post","status-publish","format-standard","hentry","category-uncategorized"],"_links":{"self":[{"href":"https:\/\/eva.sundstrom.st\/index.php?rest_route=\/wp\/v2\/posts\/287","targetHints":{"allow":["GET"]}}],"collection":[{"href":"https:\/\/eva.sundstrom.st\/index.php?rest_route=\/wp\/v2\/posts"}],"about":[{"href":"https:\/\/eva.sundstrom.st\/index.php?rest_route=\/wp\/v2\/types\/post"}],"author":[{"embeddable":true,"href":"https:\/\/eva.sundstrom.st\/index.php?rest_route=\/wp\/v2\/users\/1"}],"replies":[{"embeddable":true,"href":"https:\/\/eva.sundstrom.st\/index.php?rest_route=%2Fwp%2Fv2%2Fcomments&post=287"}],"version-history":[{"count":0,"href":"https:\/\/eva.sundstrom.st\/index.php?rest_route=\/wp\/v2\/posts\/287\/revisions"}],"wp:attachment":[{"href":"https:\/\/eva.sundstrom.st\/index.php?rest_route=%2Fwp%2Fv2%2Fmedia&parent=287"}],"wp:term":[{"taxonomy":"category","embeddable":true,"href":"https:\/\/eva.sundstrom.st\/index.php?rest_route=%2Fwp%2Fv2%2Fcategories&post=287"},{"taxonomy":"post_tag","embeddable":true,"href":"https:\/\/eva.sundstrom.st\/index.php?rest_route=%2Fwp%2Fv2%2Ftags&post=287"}],"curies":[{"name":"wp","href":"https:\/\/api.w.org\/{rel}","templated":true}]}}