{"id":2876,"date":"2011-09-25T13:30:35","date_gmt":"2011-09-25T12:30:35","guid":{"rendered":"http:\/\/www.eva.sundstrom.st\/?p=2876"},"modified":"2011-09-25T13:30:35","modified_gmt":"2011-09-25T12:30:35","slug":"nya-big-verona-projektet","status":"publish","type":"post","link":"https:\/\/eva.sundstrom.st\/?p=2876","title":{"rendered":"Nya Big Verona projektet"},"content":{"rendered":"<p>\n<a href=\"http:\/\/www.eva.sundstrom.st\/wp-content\/upload\/DSC07374.jpg\"><img loading=\"lazy\" decoding=\"async\" src=\"http:\/\/www.eva.sundstrom.st\/wp-content\/upload\/DSC07374.jpg\" alt=\"\" title=\"DSC07374\" width=\"491\" height=\"368\" class=\"aligncenter size-full wp-image-2877\" srcset=\"https:\/\/eva.sundstrom.st\/wp-content\/upload\/DSC07374.jpg 491w, https:\/\/eva.sundstrom.st\/wp-content\/upload\/DSC07374-300x224.jpg 300w\" sizes=\"auto, (max-width: 491px) 100vw, 491px\" \/><\/a><\/p>\n<p>Har en massa stickor av olika slag men ingen rundsticka nr 9.<br \/>\nDet blir till att inf\u00f6rskaffa en s\u00e5dan. Stor skillnad f\u00f6r axlarna att sticka p\u00e5 vanliga raka stickor. Dom \u00e4r j\u00e4ttefina och i o f\u00f6r sig l\u00e4ttstickade men nej.<br \/>\nSka ta rast nu fr\u00e5n stickningen och g\u00e5 ut i boden f\u00f6r att virka en stund p\u00e5 testmattan. <\/p>\n<p><a href=\"http:\/\/www.eva.sundstrom.st\/wp-content\/upload\/DSC07376.jpg\"><img loading=\"lazy\" decoding=\"async\" src=\"http:\/\/www.eva.sundstrom.st\/wp-content\/upload\/DSC07376.jpg\" alt=\"\" title=\"DSC07376\" width=\"368\" height=\"491\" class=\"aligncenter size-full wp-image-2878\" srcset=\"https:\/\/eva.sundstrom.st\/wp-content\/upload\/DSC07376.jpg 368w, https:\/\/eva.sundstrom.st\/wp-content\/upload\/DSC07376-224x300.jpg 224w\" sizes=\"auto, (max-width: 368px) 100vw, 368px\" \/><\/a><\/p>\n<p>Ha det gott.<\/p>\n","protected":false},"excerpt":{"rendered":"<p>Har en massa stickor av olika slag men ingen rundsticka nr 9. Det blir till att inf\u00f6rskaffa en s\u00e5dan. Stor skillnad f\u00f6r axlarna att sticka p\u00e5 vanliga raka stickor. Dom \u00e4r j\u00e4ttefina och i o f\u00f6r sig l\u00e4ttstickade men nej. Ska ta rast nu fr\u00e5n stickningen och g\u00e5 ut i boden f\u00f6r att virka en [&hellip;]<\/p>\n","protected":false},"author":1,"featured_media":0,"comment_status":"open","ping_status":"open","sticky":false,"template":"","format":"standard","meta":{"footnotes":""},"categories":[1],"tags":[],"class_list":["post-2876","post","type-post","status-publish","format-standard","hentry","category-uncategorized"],"_links":{"self":[{"href":"https:\/\/eva.sundstrom.st\/index.php?rest_route=\/wp\/v2\/posts\/2876","targetHints":{"allow":["GET"]}}],"collection":[{"href":"https:\/\/eva.sundstrom.st\/index.php?rest_route=\/wp\/v2\/posts"}],"about":[{"href":"https:\/\/eva.sundstrom.st\/index.php?rest_route=\/wp\/v2\/types\/post"}],"author":[{"embeddable":true,"href":"https:\/\/eva.sundstrom.st\/index.php?rest_route=\/wp\/v2\/users\/1"}],"replies":[{"embeddable":true,"href":"https:\/\/eva.sundstrom.st\/index.php?rest_route=%2Fwp%2Fv2%2Fcomments&post=2876"}],"version-history":[{"count":3,"href":"https:\/\/eva.sundstrom.st\/index.php?rest_route=\/wp\/v2\/posts\/2876\/revisions"}],"predecessor-version":[{"id":2954,"href":"https:\/\/eva.sundstrom.st\/index.php?rest_route=\/wp\/v2\/posts\/2876\/revisions\/2954"}],"wp:attachment":[{"href":"https:\/\/eva.sundstrom.st\/index.php?rest_route=%2Fwp%2Fv2%2Fmedia&parent=2876"}],"wp:term":[{"taxonomy":"category","embeddable":true,"href":"https:\/\/eva.sundstrom.st\/index.php?rest_route=%2Fwp%2Fv2%2Fcategories&post=2876"},{"taxonomy":"post_tag","embeddable":true,"href":"https:\/\/eva.sundstrom.st\/index.php?rest_route=%2Fwp%2Fv2%2Ftags&post=2876"}],"curies":[{"name":"wp","href":"https:\/\/api.w.org\/{rel}","templated":true}]}}