{"id":2895,"date":"2011-10-14T22:05:10","date_gmt":"2011-10-14T21:05:10","guid":{"rendered":"http:\/\/www.eva.sundstrom.st\/?p=2895"},"modified":"2011-10-14T22:05:10","modified_gmt":"2011-10-14T21:05:10","slug":"en-bra-ledig-fredag","status":"publish","type":"post","link":"https:\/\/eva.sundstrom.st\/?p=2895","title":{"rendered":"En bra ledig fredag."},"content":{"rendered":"<p>I dag har jag varit hem till min marknadsv\u00e4n.<\/p>\n<p><a href=\"http:\/\/www.eva.sundstrom.st\/wp-content\/upload\/DSC07426.jpg\"><img loading=\"lazy\" decoding=\"async\" src=\"http:\/\/www.eva.sundstrom.st\/wp-content\/upload\/DSC07426.jpg\" alt=\"\" title=\"DSC07426\" width=\"368\" height=\"491\" class=\"aligncenter size-full wp-image-2904\" srcset=\"https:\/\/eva.sundstrom.st\/wp-content\/upload\/DSC07426.jpg 368w, https:\/\/eva.sundstrom.st\/wp-content\/upload\/DSC07426-224x300.jpg 224w\" sizes=\"auto, (max-width: 368px) 100vw, 368px\" \/><\/a><\/p>\n<p>Den h\u00e4r filten stickade hon n\u00e4r hon var ung. Tyckte den var s\u00e5 l\u00e4cker. B\u00f6rjat med en fyrkant och sedan stickat upp h\u00e4r och d\u00e4r f\u00f6r att f\u00e5 den rektagul\u00e4r och den storlek hon ville ha. <\/p>\n<p>Sedan gick vi ut och titta de p\u00e5 hennes f\u00e5r.<br \/>\n<a href=\"http:\/\/www.eva.sundstrom.st\/wp-content\/upload\/DSC07429.jpg\"><img loading=\"lazy\" decoding=\"async\" src=\"http:\/\/www.eva.sundstrom.st\/wp-content\/upload\/DSC07429.jpg\" alt=\"\" title=\"DSC07429\" width=\"491\" height=\"368\" class=\"aligncenter size-full wp-image-2903\" srcset=\"https:\/\/eva.sundstrom.st\/wp-content\/upload\/DSC07429.jpg 491w, https:\/\/eva.sundstrom.st\/wp-content\/upload\/DSC07429-300x224.jpg 300w\" sizes=\"auto, (max-width: 491px) 100vw, 491px\" \/><\/a><\/p>\n<p>B\u00e5de inne och ute.<\/p>\n<p><a href=\"http:\/\/www.eva.sundstrom.st\/wp-content\/upload\/DSC07432.jpg\"><img loading=\"lazy\" decoding=\"async\" src=\"http:\/\/www.eva.sundstrom.st\/wp-content\/upload\/DSC07432.jpg\" alt=\"\" title=\"DSC07432\" width=\"491\" height=\"368\" class=\"aligncenter size-full wp-image-2902\" srcset=\"https:\/\/eva.sundstrom.st\/wp-content\/upload\/DSC07432.jpg 491w, https:\/\/eva.sundstrom.st\/wp-content\/upload\/DSC07432-300x224.jpg 300w\" sizes=\"auto, (max-width: 491px) 100vw, 491px\" \/><\/a><\/p>\n<p>S\u00e5 vacker, i alla fall i mina \u00f6gon.<\/p>\n<p><a href=\"http:\/\/www.eva.sundstrom.st\/wp-content\/upload\/DSC07434.jpg\"><img loading=\"lazy\" decoding=\"async\" src=\"http:\/\/www.eva.sundstrom.st\/wp-content\/upload\/DSC07434.jpg\" alt=\"\" title=\"DSC07434\" width=\"491\" height=\"368\" class=\"aligncenter size-full wp-image-2901\" srcset=\"https:\/\/eva.sundstrom.st\/wp-content\/upload\/DSC07434.jpg 491w, https:\/\/eva.sundstrom.st\/wp-content\/upload\/DSC07434-300x224.jpg 300w\" sizes=\"auto, (max-width: 491px) 100vw, 491px\" \/><\/a><\/p>\n<p>F\u00e4rgskiftning! Hur skulle det vara att karda och spinna den ullen?<br \/>\nH\u00e4rligt tror jag.<\/p>\n<p><a href=\"http:\/\/www.eva.sundstrom.st\/wp-content\/upload\/DSC07436.jpg\"><img loading=\"lazy\" decoding=\"async\" src=\"http:\/\/www.eva.sundstrom.st\/wp-content\/upload\/DSC07436.jpg\" alt=\"\" title=\"DSC07436\" width=\"491\" height=\"368\" class=\"aligncenter size-full wp-image-2900\" srcset=\"https:\/\/eva.sundstrom.st\/wp-content\/upload\/DSC07436.jpg 491w, https:\/\/eva.sundstrom.st\/wp-content\/upload\/DSC07436-300x224.jpg 300w\" sizes=\"auto, (max-width: 491px) 100vw, 491px\" \/><\/a><\/p>\n<p>Denna sk\u00f6nhet v\u00e4xte utefter v\u00e4gen till f\u00e5rhagen.<\/p>\n<p><a href=\"http:\/\/www.eva.sundstrom.st\/wp-content\/upload\/DSC07438.jpg\"><img loading=\"lazy\" decoding=\"async\" src=\"http:\/\/www.eva.sundstrom.st\/wp-content\/upload\/DSC07438.jpg\" alt=\"\" title=\"DSC07438\" width=\"455\" height=\"338\" class=\"aligncenter size-full wp-image-2899\" srcset=\"https:\/\/eva.sundstrom.st\/wp-content\/upload\/DSC07438.jpg 455w, https:\/\/eva.sundstrom.st\/wp-content\/upload\/DSC07438-300x222.jpg 300w\" sizes=\"auto, (max-width: 455px) 100vw, 455px\" \/><\/a><\/p>\n<p>Det har varit  helt underbart v\u00e4der h\u00e4r i dag.<br \/>\nP\u00e5 v\u00e4g hem tog jag en strandpromenad.<\/p>\n<p><a href=\"http:\/\/www.eva.sundstrom.st\/wp-content\/upload\/DSC07440.jpg\"><img loading=\"lazy\" decoding=\"async\" src=\"http:\/\/www.eva.sundstrom.st\/wp-content\/upload\/DSC07440.jpg\" alt=\"\" title=\"DSC07440\" width=\"491\" height=\"368\" class=\"aligncenter size-full wp-image-2898\" srcset=\"https:\/\/eva.sundstrom.st\/wp-content\/upload\/DSC07440.jpg 491w, https:\/\/eva.sundstrom.st\/wp-content\/upload\/DSC07440-300x224.jpg 300w\" sizes=\"auto, (max-width: 491px) 100vw, 491px\" \/><\/a><\/p>\n<p><a href=\"http:\/\/www.eva.sundstrom.st\/wp-content\/upload\/DSC07443.jpg\"><img loading=\"lazy\" decoding=\"async\" src=\"http:\/\/www.eva.sundstrom.st\/wp-content\/upload\/DSC07443.jpg\" alt=\"\" title=\"DSC07443\" width=\"491\" height=\"368\" class=\"aligncenter size-full wp-image-2897\" srcset=\"https:\/\/eva.sundstrom.st\/wp-content\/upload\/DSC07443.jpg 491w, https:\/\/eva.sundstrom.st\/wp-content\/upload\/DSC07443-300x224.jpg 300w\" sizes=\"auto, (max-width: 491px) 100vw, 491px\" \/><\/a><\/p>\n<p><a href=\"http:\/\/www.eva.sundstrom.st\/wp-content\/upload\/DSC07447.jpg\"><img loading=\"lazy\" decoding=\"async\" src=\"http:\/\/www.eva.sundstrom.st\/wp-content\/upload\/DSC07447.jpg\" alt=\"\" title=\"DSC07447\" width=\"491\" height=\"368\" class=\"aligncenter size-full wp-image-2896\" srcset=\"https:\/\/eva.sundstrom.st\/wp-content\/upload\/DSC07447.jpg 491w, https:\/\/eva.sundstrom.st\/wp-content\/upload\/DSC07447-300x224.jpg 300w\" sizes=\"auto, (max-width: 491px) 100vw, 491px\" \/><\/a><\/p>\n<p>I em har jag kardat och spunnit lite ull som jag fick med mig hem.<br \/>\nEn del vanlig ljus f\u00e4rg, en del skiftande gr\u00e5tt och en del brunt.<br \/>\nB\u00f6rjade med den ljusaste och har stark fundering p\u00e5 att blanda den gr\u00e5are och bruna s\u00e5 jag f\u00e5r en melerad tr\u00e5d. Ev.tvinna ihop dom sedan??? En ljus och en melerad gr\u00e5brun! <\/p>\n<p>\u00d6nskar er alla en bra helg.<\/p>\n","protected":false},"excerpt":{"rendered":"<p>I dag har jag varit hem till min marknadsv\u00e4n. Den h\u00e4r filten stickade hon n\u00e4r hon var ung. Tyckte den var s\u00e5 l\u00e4cker. B\u00f6rjat med en fyrkant och sedan stickat upp h\u00e4r och d\u00e4r f\u00f6r att f\u00e5 den rektagul\u00e4r och den storlek hon ville ha. Sedan gick vi ut och titta de p\u00e5 hennes f\u00e5r. [&hellip;]<\/p>\n","protected":false},"author":1,"featured_media":0,"comment_status":"open","ping_status":"open","sticky":false,"template":"","format":"standard","meta":{"footnotes":""},"categories":[9],"tags":[],"class_list":["post-2895","post","type-post","status-publish","format-standard","hentry","category-livet"],"_links":{"self":[{"href":"https:\/\/eva.sundstrom.st\/index.php?rest_route=\/wp\/v2\/posts\/2895","targetHints":{"allow":["GET"]}}],"collection":[{"href":"https:\/\/eva.sundstrom.st\/index.php?rest_route=\/wp\/v2\/posts"}],"about":[{"href":"https:\/\/eva.sundstrom.st\/index.php?rest_route=\/wp\/v2\/types\/post"}],"author":[{"embeddable":true,"href":"https:\/\/eva.sundstrom.st\/index.php?rest_route=\/wp\/v2\/users\/1"}],"replies":[{"embeddable":true,"href":"https:\/\/eva.sundstrom.st\/index.php?rest_route=%2Fwp%2Fv2%2Fcomments&post=2895"}],"version-history":[{"count":4,"href":"https:\/\/eva.sundstrom.st\/index.php?rest_route=\/wp\/v2\/posts\/2895\/revisions"}],"predecessor-version":[{"id":2908,"href":"https:\/\/eva.sundstrom.st\/index.php?rest_route=\/wp\/v2\/posts\/2895\/revisions\/2908"}],"wp:attachment":[{"href":"https:\/\/eva.sundstrom.st\/index.php?rest_route=%2Fwp%2Fv2%2Fmedia&parent=2895"}],"wp:term":[{"taxonomy":"category","embeddable":true,"href":"https:\/\/eva.sundstrom.st\/index.php?rest_route=%2Fwp%2Fv2%2Fcategories&post=2895"},{"taxonomy":"post_tag","embeddable":true,"href":"https:\/\/eva.sundstrom.st\/index.php?rest_route=%2Fwp%2Fv2%2Ftags&post=2895"}],"curies":[{"name":"wp","href":"https:\/\/api.w.org\/{rel}","templated":true}]}}