{"id":2955,"date":"2011-12-08T21:23:02","date_gmt":"2011-12-08T20:23:02","guid":{"rendered":"http:\/\/www.eva.sundstrom.st\/?p=2955"},"modified":"2011-12-08T21:23:02","modified_gmt":"2011-12-08T20:23:02","slug":"blandade-tankar","status":"publish","type":"post","link":"https:\/\/eva.sundstrom.st\/?p=2955","title":{"rendered":"Blandade tankar."},"content":{"rendered":"<p>Ena stunden \u00e4r jag full av energi och t\u00e4nker att jag ska g\u00f6ra det och det och det.<br \/>\n Sekunden efter \u00e4r all ork som bortbl\u00e5st. Det m\u00e5 v\u00e4ll vara s\u00e5 d\u00e5.<br \/>\nHoppas bara att orken vill vara med mig i morgon.<br \/>\nP\u00e5 l\u00f6rdag 10\/12 mellan14.00 0ch 17.00 \u00e4r det dax  f\u00f6r bygdedag p\u00e5 hembygdsg\u00e5rden igen h\u00e4r i Finner\u00f6dja. Ska ta med mig n\u00e5gra strumppar och mysa i den lilla stugan.<br \/>\nBeh\u00f6ver g\u00e5 igenom lagret i morgon och packa v\u00e4skan klar. S\u00e5 finns det ju ett och annat som ocks\u00e5 beh\u00f6ver fixas s\u00e5 h\u00e4r veckorna f\u00f6re jul. Ser verkligen fram mot l\u00f6rdagseftermiddagen.  Morgondagen ocks\u00e5, en ledig fredag \u00e4r aldrig fel!<br \/>\nNu b\u00f6rjar det vara tid att avrunda denna dag.<br \/>\nSov gott mina v\u00e4nner.<\/p>\n<p>T\u00e4nker p\u00e5 dig min v\u00e4n.<\/p>\n","protected":false},"excerpt":{"rendered":"<p>Ena stunden \u00e4r jag full av energi och t\u00e4nker att jag ska g\u00f6ra det och det och det. Sekunden efter \u00e4r all ork som bortbl\u00e5st. Det m\u00e5 v\u00e4ll vara s\u00e5 d\u00e5. Hoppas bara att orken vill vara med mig i morgon. P\u00e5 l\u00f6rdag 10\/12 mellan14.00 0ch 17.00 \u00e4r det dax f\u00f6r bygdedag p\u00e5 hembygdsg\u00e5rden igen [&hellip;]<\/p>\n","protected":false},"author":1,"featured_media":0,"comment_status":"open","ping_status":"open","sticky":false,"template":"","format":"standard","meta":{"footnotes":""},"categories":[9],"tags":[],"class_list":["post-2955","post","type-post","status-publish","format-standard","hentry","category-livet"],"_links":{"self":[{"href":"https:\/\/eva.sundstrom.st\/index.php?rest_route=\/wp\/v2\/posts\/2955","targetHints":{"allow":["GET"]}}],"collection":[{"href":"https:\/\/eva.sundstrom.st\/index.php?rest_route=\/wp\/v2\/posts"}],"about":[{"href":"https:\/\/eva.sundstrom.st\/index.php?rest_route=\/wp\/v2\/types\/post"}],"author":[{"embeddable":true,"href":"https:\/\/eva.sundstrom.st\/index.php?rest_route=\/wp\/v2\/users\/1"}],"replies":[{"embeddable":true,"href":"https:\/\/eva.sundstrom.st\/index.php?rest_route=%2Fwp%2Fv2%2Fcomments&post=2955"}],"version-history":[{"count":1,"href":"https:\/\/eva.sundstrom.st\/index.php?rest_route=\/wp\/v2\/posts\/2955\/revisions"}],"predecessor-version":[{"id":2956,"href":"https:\/\/eva.sundstrom.st\/index.php?rest_route=\/wp\/v2\/posts\/2955\/revisions\/2956"}],"wp:attachment":[{"href":"https:\/\/eva.sundstrom.st\/index.php?rest_route=%2Fwp%2Fv2%2Fmedia&parent=2955"}],"wp:term":[{"taxonomy":"category","embeddable":true,"href":"https:\/\/eva.sundstrom.st\/index.php?rest_route=%2Fwp%2Fv2%2Fcategories&post=2955"},{"taxonomy":"post_tag","embeddable":true,"href":"https:\/\/eva.sundstrom.st\/index.php?rest_route=%2Fwp%2Fv2%2Ftags&post=2955"}],"curies":[{"name":"wp","href":"https:\/\/api.w.org\/{rel}","templated":true}]}}