{"id":2958,"date":"2011-12-14T21:48:21","date_gmt":"2011-12-14T20:48:21","guid":{"rendered":"http:\/\/www.eva.sundstrom.st\/?p=2958"},"modified":"2011-12-14T21:48:21","modified_gmt":"2011-12-14T20:48:21","slug":"bygdedag-2011","status":"publish","type":"post","link":"https:\/\/eva.sundstrom.st\/?p=2958","title":{"rendered":"Bygdedag 2011"},"content":{"rendered":"<p>I l\u00f6rdags var det ju dax f\u00f6r bygdedag p\u00e5  Hembygdsg\u00e5rden igen. Det var inte mycket julst\u00e4mning ute. Det sp\u00f6regnade emellan\u00e5t.<br \/>\nL\u00e4gger in n\u00e5gra bilder fr\u00e5n v\u00e5r kammare. Det var A och jag som delade rum \u00e4ven i \u00e5r. Vi hade en riktigt trevlig dag d\u00e4r vid brasan.<br \/>\nF\u00f6rtj\u00e4nsten blev inte s\u00e5 stor men mysfaktorn var h\u00f6g s\u00e5 vi g\u00f6r nog om det igen om tillf\u00e4lle bjudes.<br \/>\nV\u00e4lkomna in!<\/p>\n<p><ahref=\"http:\/\/www.eva.sundstrom.st\/wp-content\/upload\/DSC07538.jpg\"><img loading=\"lazy\" decoding=\"async\" src=\"http:\/\/www.eva.sundstrom.st\/wp-content\/upload\/DSC07538-300x225.jpg\" alt=\"\" title=\"DSC07538\" width=\"300\" height=\"225\" class=\"aligncenter size-medium wp-image-2959\" srcset=\"https:\/\/eva.sundstrom.st\/wp-content\/upload\/DSC07538-300x225.jpg 300w, https:\/\/eva.sundstrom.st\/wp-content\/upload\/DSC07538-1024x768.jpg 1024w\" sizes=\"auto, (max-width: 300px) 100vw, 300px\" \/><\/a><\/p>\n<p><a href=\"http:\/\/www.eva.sundstrom.st\/wp-content\/upload\/DSC07539.jpg\"><img loading=\"lazy\" decoding=\"async\" src=\"http:\/\/www.eva.sundstrom.st\/wp-content\/upload\/DSC07539-300x225.jpg\" alt=\"\" title=\"DSC07539\" width=\"300\" height=\"225\" class=\"aligncenter size-medium wp-image-2962\" srcset=\"https:\/\/eva.sundstrom.st\/wp-content\/upload\/DSC07539-300x225.jpg 300w, https:\/\/eva.sundstrom.st\/wp-content\/upload\/DSC07539-1024x768.jpg 1024w\" sizes=\"auto, (max-width: 300px) 100vw, 300px\" \/><\/a><\/p>\n<p><a href=\"http:\/\/www.eva.sundstrom.st\/wp-content\/upload\/DSC07540.jpg\"><img loading=\"lazy\" decoding=\"async\" src=\"http:\/\/www.eva.sundstrom.st\/wp-content\/upload\/DSC07540-300x225.jpg\" alt=\"\" title=\"DSC07540\" width=\"300\" height=\"225\" class=\"aligncenter size-medium wp-image-2963\" srcset=\"https:\/\/eva.sundstrom.st\/wp-content\/upload\/DSC07540-300x225.jpg 300w, https:\/\/eva.sundstrom.st\/wp-content\/upload\/DSC07540-1024x768.jpg 1024w\" sizes=\"auto, (max-width: 300px) 100vw, 300px\" \/><\/a><\/p>\n<p><a href=\"http:\/\/www.eva.sundstrom.st\/wp-content\/upload\/DSC07543.jpg\"><img loading=\"lazy\" decoding=\"async\" src=\"http:\/\/www.eva.sundstrom.st\/wp-content\/upload\/DSC07543-300x225.jpg\" alt=\"\" title=\"DSC07543\" width=\"300\" height=\"225\" class=\"aligncenter size-medium wp-image-2964\" srcset=\"https:\/\/eva.sundstrom.st\/wp-content\/upload\/DSC07543-300x225.jpg 300w, https:\/\/eva.sundstrom.st\/wp-content\/upload\/DSC07543-1024x768.jpg 1024w\" sizes=\"auto, (max-width: 300px) 100vw, 300px\" \/><\/a><\/p>\n<p><a href=\"http:\/\/www.eva.sundstrom.st\/wp-content\/upload\/DSC07547.jpg\"><img loading=\"lazy\" decoding=\"async\" src=\"http:\/\/www.eva.sundstrom.st\/wp-content\/upload\/DSC07547-e1323895325793-225x300.jpg\" alt=\"\" title=\"DSC07547\" width=\"225\" height=\"300\" class=\"aligncenter size-medium wp-image-2965\" srcset=\"https:\/\/eva.sundstrom.st\/wp-content\/upload\/DSC07547-e1323895325793-225x300.jpg 225w, https:\/\/eva.sundstrom.st\/wp-content\/upload\/DSC07547-e1323895325793-768x1024.jpg 768w\" sizes=\"auto, (max-width: 225px) 100vw, 225px\" \/><\/a><\/p>\n<p>Ha det gott. Efter en dag med spring i en m\u00e4ngd aff\u00e4rer och  m\u00e5nga ink\u00f6p k\u00e4nner jag mig m\u00f6r i kroppen. Helt klart blir det kv\u00e4ll h\u00e4r nu.<br \/>\nGodnatt och sov s\u00e5 gott.<\/p>\n","protected":false},"excerpt":{"rendered":"<p>I l\u00f6rdags var det ju dax f\u00f6r bygdedag p\u00e5 Hembygdsg\u00e5rden igen. Det var inte mycket julst\u00e4mning ute. Det sp\u00f6regnade emellan\u00e5t. L\u00e4gger in n\u00e5gra bilder fr\u00e5n v\u00e5r kammare. Det var A och jag som delade rum \u00e4ven i \u00e5r. Vi hade en riktigt trevlig dag d\u00e4r vid brasan. F\u00f6rtj\u00e4nsten blev inte s\u00e5 stor men mysfaktorn var [&hellip;]<\/p>\n","protected":false},"author":1,"featured_media":0,"comment_status":"open","ping_status":"open","sticky":false,"template":"","format":"standard","meta":{"footnotes":""},"categories":[4],"tags":[],"class_list":["post-2958","post","type-post","status-publish","format-standard","hentry","category-allmant"],"_links":{"self":[{"href":"https:\/\/eva.sundstrom.st\/index.php?rest_route=\/wp\/v2\/posts\/2958","targetHints":{"allow":["GET"]}}],"collection":[{"href":"https:\/\/eva.sundstrom.st\/index.php?rest_route=\/wp\/v2\/posts"}],"about":[{"href":"https:\/\/eva.sundstrom.st\/index.php?rest_route=\/wp\/v2\/types\/post"}],"author":[{"embeddable":true,"href":"https:\/\/eva.sundstrom.st\/index.php?rest_route=\/wp\/v2\/users\/1"}],"replies":[{"embeddable":true,"href":"https:\/\/eva.sundstrom.st\/index.php?rest_route=%2Fwp%2Fv2%2Fcomments&post=2958"}],"version-history":[{"count":4,"href":"https:\/\/eva.sundstrom.st\/index.php?rest_route=\/wp\/v2\/posts\/2958\/revisions"}],"predecessor-version":[{"id":2968,"href":"https:\/\/eva.sundstrom.st\/index.php?rest_route=\/wp\/v2\/posts\/2958\/revisions\/2968"}],"wp:attachment":[{"href":"https:\/\/eva.sundstrom.st\/index.php?rest_route=%2Fwp%2Fv2%2Fmedia&parent=2958"}],"wp:term":[{"taxonomy":"category","embeddable":true,"href":"https:\/\/eva.sundstrom.st\/index.php?rest_route=%2Fwp%2Fv2%2Fcategories&post=2958"},{"taxonomy":"post_tag","embeddable":true,"href":"https:\/\/eva.sundstrom.st\/index.php?rest_route=%2Fwp%2Fv2%2Ftags&post=2958"}],"curies":[{"name":"wp","href":"https:\/\/api.w.org\/{rel}","templated":true}]}}