{"id":298,"date":"2007-08-31T17:34:13","date_gmt":"2007-08-31T16:34:13","guid":{"rendered":"http:\/\/www.eva.sundstrom.st\/?p=298"},"modified":"2007-08-31T17:37:15","modified_gmt":"2007-08-31T16:37:15","slug":"sista-bilderna-fran-norr","status":"publish","type":"post","link":"https:\/\/eva.sundstrom.st\/?p=298","title":{"rendered":"Sista bilderna fr"},"content":{"rendered":"<p>Sen eftermiddag s\u00f6ndag den 26\/8 kom vi fr\u00e5n Arjeplog till Skellefte\u00e5.<\/p>\n<p>D\u00e4r stannade vi hos yngsta sv\u00e4gerskan och hennes familj.<\/p>\n<p>N\u00e4r dom flyttade till den h\u00e4r l\u00e4genheten, f\u00f6r tv\u00e5 \u00e5r sedan tror jag.<br \/>\nS\u00e5 uppt\u00e4ckte hon att det b\u00f6rjade v\u00e4xta upp ogr\u00e4s intill v\u00e4ggen under balkongen.<\/p>\n<p>Hon t\u00e4nkte ta bort det  men s\u00e5 tyckte hon att det var gr\u00f6nt och fint och s\u00e5g s\u00e5 riktigt ut.<\/p>\n<p>Det f\u00e5r v\u00e4ll sitta kvar ett tag och pryda sin plats s\u00e5 l\u00e4nge det \u00e4r fint. <\/p>\n<p>S\u00e5 h\u00e4r ser det ut i \u00e5r.<\/p>\n<p><a href='http:\/\/www.eva.sundstrom.st\/wp-content\/upload\/dsc01001.jpg' title='dsc01001.jpg'><img src='http:\/\/www.eva.sundstrom.st\/wp-content\/upload\/dsc01001.jpg' alt='dsc01001.jpg' \/><\/a><\/p>\n<p>Hon \u00e4r glad att hon inte tog bort det.<br \/>\nNu v\u00e4xer den s\u00e5 hon har blommor \u00e4nda upp p\u00e5 balkongen.<\/p>\n<p><a href='http:\/\/www.eva.sundstrom.st\/wp-content\/upload\/dsc01002.jpg' title='dsc01002.jpg'><img src='http:\/\/www.eva.sundstrom.st\/wp-content\/upload\/dsc01002.jpg' alt='dsc01002.jpg' \/><\/a><\/p>\n<p>H\u00e4r blandade sig blommorna in i en kruka med lukt\u00e4rt.<\/p>\n<p><a href='http:\/\/www.eva.sundstrom.st\/wp-content\/upload\/dsc01003.jpg' title='dsc01003.jpg'><img src='http:\/\/www.eva.sundstrom.st\/wp-content\/upload\/dsc01003.jpg' alt='dsc01003.jpg' \/><\/a><\/p>\n<p>Kan n\u00e5gon s\u00e4ga vad den heter.<br \/>\nN\u00e5gon hade sagt till henne att var den bl\u00e5 s\u00e5 var det Alpklematis. <\/p>\n<p>Det kanske \u00e4r sant men visst finns det m\u00e5nga olika bl\u00e5 klematis?<\/p>\n<p>Vi g\u00e5r en runda och sneddar \u00f6ver g\u00e5rden mellan hyreshusen<\/p>\n<p>Och d\u00e4r har grannen de st\u00f6rst tobaksblommor jag har sett.<\/p>\n<p><a href='http:\/\/www.eva.sundstrom.st\/wp-content\/upload\/dsc01007.jpg' title='dsc01007.jpg'><img src='http:\/\/www.eva.sundstrom.st\/wp-content\/upload\/dsc01007.jpg' alt='dsc01007.jpg' \/><\/a><\/p>\n<p>Det \u00e4r sv\u00e5rt att f\u00e5 vita blommor riktigt bra p\u00e5 kort men den var grann.<\/p>\n<p>Strax intill finns ett vindskydd och en b\u00e4nk.<\/p>\n<p>Gissa vem som satt p\u00e5 den b\u00e4nken.?<\/p>\n<p>Mina tankar fl\u00f6g till en viss bloggare!<\/p>\n<p>Men h\u00e5ll med om att han \u00e4r s\u00f6t.<\/p>\n<p><a href='http:\/\/www.eva.sundstrom.st\/wp-content\/upload\/dsc01009.jpg' title='dsc01009.jpg'><img src='http:\/\/www.eva.sundstrom.st\/wp-content\/upload\/dsc01009.jpg' alt='dsc01009.jpg' \/><\/a><\/p>\n<p>Som n\u00e4rmsa granne hade han en vit begonia och denna lilja.<\/p>\n<p><a href='http:\/\/www.eva.sundstrom.st\/wp-content\/upload\/dsc01010.jpg' title='dsc01010.jpg'><img src='http:\/\/www.eva.sundstrom.st\/wp-content\/upload\/dsc01010.jpg' alt='dsc01010.jpg' \/><\/a>.<\/p>\n<p>Senare p\u00e5 kv\u00e4llen fortsatt vi f\u00e4rden ytterligare ett par mil s\u00f6derut.<br \/>\n\u00d6vernattade hos sv\u00e4gerska M.<br \/>\nD\u00e4r tillbringade vi \u00e4ven m\u00e5ndagen. <\/p>\n<p>                                          ***************<\/p>\n<p>S\u00e5 blev det ett litet avbrott i bloggandet.<br \/>\n\u00c4kta maken bj\u00f6d p\u00e5 mat.<br \/>\nSurstr\u00f6mming, f\u00e4rsk mandelpotatis fr\u00e5n norrland och ljusungsbr\u00f6d fr\u00e5n K\u00e5ge tunnbr\u00f6dsbageri.<br \/>\n                                                  GOTT. <\/p>\n<p>                                          ***************<\/p>\n<p>P\u00e5 m\u00e5ndag f\u00f6rmiddag \u00e5kte M och jag till Rydlinge Plantskola. Iv\u00e5ras skrev jag  om riddarsporrar bland annat som kommer d\u00e4rifr\u00e5n.<\/p>\n<p>Den plantskolan \u00e4r inte m\u00e4rkv\u00e4rdigare \u00e4n plantskolor h\u00e4romkring men jag tycker om att bes\u00f6ka den och sj\u00e4lvklart f\u00f6ljde n\u00e5gra v\u00e4xter med. <\/p>\n<p>Ber\u00e4ttar om dom n\u00e4r jag f\u00e5tt klar f\u00f6r mig var dom ska v\u00e4xa.<\/p>\n<p>Fr\u00e5n sv\u00e4gerska M s tr\u00e4dg\u00e5rd har jag med  ringblommor<\/p>\n<p><a href='http:\/\/www.eva.sundstrom.st\/wp-content\/upload\/dsc01013.jpg' title='dsc01013.jpg'><img src='http:\/\/www.eva.sundstrom.st\/wp-content\/upload\/dsc01013.jpg' alt='dsc01013.jpg' \/><\/a><\/p>\n<p>och lukt\u00e4rt<\/p>\n<p><a href='http:\/\/www.eva.sundstrom.st\/wp-content\/upload\/dsc01011.jpg' title='dsc01011.jpg'><img src='http:\/\/www.eva.sundstrom.st\/wp-content\/upload\/dsc01011.jpg' alt='dsc01011.jpg' \/><\/a><\/p>\n<p>Sist n\u00e5gra minnen fr\u00e5n sogspromenden.<\/p>\n<p>Svampar p\u00e5 en stubbe.<\/p>\n<p><a href='http:\/\/www.eva.sundstrom.st\/wp-content\/upload\/dsc01020.jpg' title='dsc01020.jpg'><img src='http:\/\/www.eva.sundstrom.st\/wp-content\/upload\/dsc01020.jpg' alt='dsc01020.jpg' \/><\/a><br \/>\nP\u00e5 lingonr\u00f6da tuvor<\/p>\n<p><a href='http:\/\/www.eva.sundstrom.st\/wp-content\/upload\/dsc01022.jpg' title='dsc01022.jpg'><img src='http:\/\/www.eva.sundstrom.st\/wp-content\/upload\/dsc01022.jpg' alt='dsc01022.jpg' \/><\/a><\/p>\n<p>och p\u00e5 villande mo<\/p>\n<p><a href='http:\/\/www.eva.sundstrom.st\/wp-content\/upload\/dsc01023.jpg' title='dsc01023.jpg'><img src='http:\/\/www.eva.sundstrom.st\/wp-content\/upload\/dsc01023.jpg' alt='dsc01023.jpg' \/><\/a><\/p>\n<p>Och en liten ensam blomma som jag inte kunde motst\u00e5. <\/p>\n<p><a href='http:\/\/www.eva.sundstrom.st\/wp-content\/upload\/dsc01024.jpg' title='dsc01024.jpg'><img src='http:\/\/www.eva.sundstrom.st\/wp-content\/upload\/dsc01024.jpg' alt='dsc01024.jpg' \/><\/a><\/p>\n<p>I eftermiddag har jag varit p\u00e5 APT Och i morgon kv\u00e4ll b\u00f6rjar jobbet p\u00e5 allvar.<br \/>\nSemestern \u00e4r slut  \ud83d\ude41 .<\/p>\n<p>Bara att ta nya tag f\u00f6r h\u00f6sten.<\/p>\n<p>\u00c4r det n\u00e5gon som orkat h\u00e4nga med s\u00e5 h\u00e4r l\u00e5ngt s\u00e5 f\u00e5r jag tacka.<br \/>\nK\u00e4nns som det blir lungt n\u00e5gra dagar nu. Har ju f\u00e5tt en utmaning av <a href=\"http:\/\/alnerud.tradgardsblogg.se\/\">Birgitta<\/a> .<br \/>\nT\u00e5l att t\u00e4nka p\u00e5. <\/p>\n<p>Har v\u00e4ll inga vanor och absolut inga ovanor. Eller hur \u00e4r det st\u00e4llt&#8230;&#8230;..<br \/>\nVi f\u00e5r se<br \/>\nLev v\u00e4l och m\u00e5 gott. <\/p>\n","protected":false},"excerpt":{"rendered":"<p>Sen eftermiddag s\u00f6ndag den 26\/8 kom vi fr\u00e5n Arjeplog till Skellefte\u00e5. D\u00e4r stannade vi hos yngsta sv\u00e4gerskan och hennes familj. N\u00e4r dom flyttade till den h\u00e4r l\u00e4genheten, f\u00f6r tv\u00e5 \u00e5r sedan tror jag. S\u00e5 uppt\u00e4ckte hon att det b\u00f6rjade v\u00e4xta upp ogr\u00e4s intill v\u00e4ggen under balkongen. Hon t\u00e4nkte ta bort det men s\u00e5 tyckte hon [&hellip;]<\/p>\n","protected":false},"author":1,"featured_media":0,"comment_status":"open","ping_status":"open","sticky":false,"template":"","format":"standard","meta":{"footnotes":""},"categories":[1],"tags":[],"class_list":["post-298","post","type-post","status-publish","format-standard","hentry","category-uncategorized"],"_links":{"self":[{"href":"https:\/\/eva.sundstrom.st\/index.php?rest_route=\/wp\/v2\/posts\/298","targetHints":{"allow":["GET"]}}],"collection":[{"href":"https:\/\/eva.sundstrom.st\/index.php?rest_route=\/wp\/v2\/posts"}],"about":[{"href":"https:\/\/eva.sundstrom.st\/index.php?rest_route=\/wp\/v2\/types\/post"}],"author":[{"embeddable":true,"href":"https:\/\/eva.sundstrom.st\/index.php?rest_route=\/wp\/v2\/users\/1"}],"replies":[{"embeddable":true,"href":"https:\/\/eva.sundstrom.st\/index.php?rest_route=%2Fwp%2Fv2%2Fcomments&post=298"}],"version-history":[{"count":0,"href":"https:\/\/eva.sundstrom.st\/index.php?rest_route=\/wp\/v2\/posts\/298\/revisions"}],"wp:attachment":[{"href":"https:\/\/eva.sundstrom.st\/index.php?rest_route=%2Fwp%2Fv2%2Fmedia&parent=298"}],"wp:term":[{"taxonomy":"category","embeddable":true,"href":"https:\/\/eva.sundstrom.st\/index.php?rest_route=%2Fwp%2Fv2%2Fcategories&post=298"},{"taxonomy":"post_tag","embeddable":true,"href":"https:\/\/eva.sundstrom.st\/index.php?rest_route=%2Fwp%2Fv2%2Ftags&post=298"}],"curies":[{"name":"wp","href":"https:\/\/api.w.org\/{rel}","templated":true}]}}