{"id":2996,"date":"2012-01-15T10:45:12","date_gmt":"2012-01-15T09:45:12","guid":{"rendered":"http:\/\/www.eva.sundstrom.st\/?p=2996"},"modified":"2012-01-15T10:45:12","modified_gmt":"2012-01-15T09:45:12","slug":"fran-garnlagret-1","status":"publish","type":"post","link":"https:\/\/eva.sundstrom.st\/?p=2996","title":{"rendered":"Fr\u00e5n garnlagret 1"},"content":{"rendered":"<p>Lilla E\u00b4s tr\u00f6ja \u00e4r klar och vi fick till en liten snabb koll.<\/p>\n<p><a href=\"http:\/\/www.eva.sundstrom.st\/wp-content\/upload\/DSC07593.jpg\"><img loading=\"lazy\" decoding=\"async\" src=\"http:\/\/www.eva.sundstrom.st\/wp-content\/upload\/DSC07593-e1326620367857-225x300.jpg\" alt=\"\" title=\"DSC07593\" width=\"225\" height=\"300\" class=\"aligncenter size-medium wp-image-2997\" srcset=\"https:\/\/eva.sundstrom.st\/wp-content\/upload\/DSC07593-e1326620367857-225x300.jpg 225w, https:\/\/eva.sundstrom.st\/wp-content\/upload\/DSC07593-e1326620367857-768x1024.jpg 768w\" sizes=\"auto, (max-width: 225px) 100vw, 225px\" \/><\/a><\/p>\n<p>R\u00f6da mjukisbyxor kanske inte \u00e4r det som passar b\u00e4st till men man f\u00e5r inte beg\u00e4ra f\u00f6r mycket av en liten mannek\u00e4ng.<br \/>\nSnabb med kameran f\u00e5r man ocks\u00e5 vara om man ska f\u00e5 en bild.<br \/>\nFarmor fr\u00e5gar; kan du st\u00e5 stilla d\u00e4r s\u00e5 f\u00e5r farmor ta en fin bild.<br \/>\nLilla E svarat; N\u00c4\u00c4e<\/p>\n<p>Hon kan i alla fall ha den och hon verkade tycka om den.<\/p>\n<p> Det var f\u00f6rsta f\u00e4rdiga projektet fr\u00e5n garnlagret 2012 <\/p>\n","protected":false},"excerpt":{"rendered":"<p>Lilla E\u00b4s tr\u00f6ja \u00e4r klar och vi fick till en liten snabb koll. R\u00f6da mjukisbyxor kanske inte \u00e4r det som passar b\u00e4st till men man f\u00e5r inte beg\u00e4ra f\u00f6r mycket av en liten mannek\u00e4ng. Snabb med kameran f\u00e5r man ocks\u00e5 vara om man ska f\u00e5 en bild. Farmor fr\u00e5gar; kan du st\u00e5 stilla d\u00e4r s\u00e5 [&hellip;]<\/p>\n","protected":false},"author":1,"featured_media":0,"comment_status":"open","ping_status":"open","sticky":false,"template":"","format":"standard","meta":{"footnotes":""},"categories":[5],"tags":[],"class_list":["post-2996","post","type-post","status-publish","format-standard","hentry","category-fran-garnlagret"],"_links":{"self":[{"href":"https:\/\/eva.sundstrom.st\/index.php?rest_route=\/wp\/v2\/posts\/2996","targetHints":{"allow":["GET"]}}],"collection":[{"href":"https:\/\/eva.sundstrom.st\/index.php?rest_route=\/wp\/v2\/posts"}],"about":[{"href":"https:\/\/eva.sundstrom.st\/index.php?rest_route=\/wp\/v2\/types\/post"}],"author":[{"embeddable":true,"href":"https:\/\/eva.sundstrom.st\/index.php?rest_route=\/wp\/v2\/users\/1"}],"replies":[{"embeddable":true,"href":"https:\/\/eva.sundstrom.st\/index.php?rest_route=%2Fwp%2Fv2%2Fcomments&post=2996"}],"version-history":[{"count":2,"href":"https:\/\/eva.sundstrom.st\/index.php?rest_route=\/wp\/v2\/posts\/2996\/revisions"}],"predecessor-version":[{"id":2999,"href":"https:\/\/eva.sundstrom.st\/index.php?rest_route=\/wp\/v2\/posts\/2996\/revisions\/2999"}],"wp:attachment":[{"href":"https:\/\/eva.sundstrom.st\/index.php?rest_route=%2Fwp%2Fv2%2Fmedia&parent=2996"}],"wp:term":[{"taxonomy":"category","embeddable":true,"href":"https:\/\/eva.sundstrom.st\/index.php?rest_route=%2Fwp%2Fv2%2Fcategories&post=2996"},{"taxonomy":"post_tag","embeddable":true,"href":"https:\/\/eva.sundstrom.st\/index.php?rest_route=%2Fwp%2Fv2%2Ftags&post=2996"}],"curies":[{"name":"wp","href":"https:\/\/api.w.org\/{rel}","templated":true}]}}