{"id":3063,"date":"2012-03-27T19:32:09","date_gmt":"2012-03-27T18:32:09","guid":{"rendered":"http:\/\/www.eva.sundstrom.st\/?p=3063"},"modified":"2012-03-27T19:32:09","modified_gmt":"2012-03-27T18:32:09","slug":"en-bra-eftermiddag","status":"publish","type":"post","link":"https:\/\/eva.sundstrom.st\/?p=3063","title":{"rendered":"En bra eftermiddag!"},"content":{"rendered":"<p>N\u00e4r jag f\u00e5tt lite mat i magen  gick jag ut och krattade och gjorde fint utanf\u00f6r min lilla &#8221;hanverksstuga&#8221;. <\/p>\n<p><a href=\"http:\/\/www.eva.sundstrom.st\/wp-content\/upload\/DSC07678-kopia.jpg\"><img loading=\"lazy\" decoding=\"async\" src=\"http:\/\/www.eva.sundstrom.st\/wp-content\/upload\/DSC07678-kopia.jpg\" alt=\"\" title=\"DSC07678 kopia\" width=\"461\" height=\"346\" class=\"aligncenter size-full wp-image-3067\" srcset=\"https:\/\/eva.sundstrom.st\/wp-content\/upload\/DSC07678-kopia.jpg 461w, https:\/\/eva.sundstrom.st\/wp-content\/upload\/DSC07678-kopia-300x225.jpg 300w\" sizes=\"auto, (max-width: 461px) 100vw, 461px\" \/><\/a><\/p>\n<p>Sedan blev det en stund vid spinnrocken. Tvinnade mera gr\u00e5tt garn. H\u00e4r h\u00e4nger ocks\u00e5 garn som jag tv\u00e4ttade i fredags. H\u00e4nger s\u00e5 jag ser det bara jag lyfter blicken fr\u00e5n spinnrocken. Tycker sj\u00e4lv det \u00e4r en h\u00e4rlig syn.<\/p>\n<p><a href=\"http:\/\/www.eva.sundstrom.st\/wp-content\/upload\/DSC07683-kopia.jpg\"><img loading=\"lazy\" decoding=\"async\" src=\"http:\/\/www.eva.sundstrom.st\/wp-content\/upload\/DSC07683-kopia.jpg\" alt=\"\" title=\"DSC07683 kopia\" width=\"346\" height=\"461\" class=\"aligncenter size-full wp-image-3066\" srcset=\"https:\/\/eva.sundstrom.st\/wp-content\/upload\/DSC07683-kopia.jpg 346w, https:\/\/eva.sundstrom.st\/wp-content\/upload\/DSC07683-kopia-225x300.jpg 225w\" sizes=\"auto, (max-width: 346px) 100vw, 346px\" \/><\/a><\/p>\n<p>Tittade till min nystartade axelv\u00e4rmare i big verona<\/p>\n<p><a href=\"http:\/\/www.eva.sundstrom.st\/wp-content\/upload\/DSC07681-kopia.jpg\"><img loading=\"lazy\" decoding=\"async\" src=\"http:\/\/www.eva.sundstrom.st\/wp-content\/upload\/DSC07681-kopia.jpg\" alt=\"\" title=\"DSC07681 kopia\" width=\"461\" height=\"346\" class=\"aligncenter size-full wp-image-3064\" srcset=\"https:\/\/eva.sundstrom.st\/wp-content\/upload\/DSC07681-kopia.jpg 461w, https:\/\/eva.sundstrom.st\/wp-content\/upload\/DSC07681-kopia-300x225.jpg 300w\" sizes=\"auto, (max-width: 461px) 100vw, 461px\" \/><\/a><\/p>\n<p>T\u00e4nker nu avsluta kv\u00e4llen med n\u00e5gra varv p\u00e5 dominosjalen som jag stickar av egentillverkat garn.<\/p>\n<p><a href=\"http:\/\/www.eva.sundstrom.st\/wp-content\/upload\/DSC07685-kopia.jpg\"><img loading=\"lazy\" decoding=\"async\" src=\"http:\/\/www.eva.sundstrom.st\/wp-content\/upload\/DSC07685-kopia.jpg\" alt=\"\" title=\"DSC07685 kopia\" width=\"461\" height=\"346\" class=\"aligncenter size-full wp-image-3065\" srcset=\"https:\/\/eva.sundstrom.st\/wp-content\/upload\/DSC07685-kopia.jpg 461w, https:\/\/eva.sundstrom.st\/wp-content\/upload\/DSC07685-kopia-300x225.jpg 300w\" sizes=\"auto, (max-width: 461px) 100vw, 461px\" \/><\/a><\/p>\n<p>Ha en bra kv\u00e4ll.<\/p>\n","protected":false},"excerpt":{"rendered":"<p>N\u00e4r jag f\u00e5tt lite mat i magen gick jag ut och krattade och gjorde fint utanf\u00f6r min lilla &#8221;hanverksstuga&#8221;. Sedan blev det en stund vid spinnrocken. Tvinnade mera gr\u00e5tt garn. H\u00e4r h\u00e4nger ocks\u00e5 garn som jag tv\u00e4ttade i fredags. H\u00e4nger s\u00e5 jag ser det bara jag lyfter blicken fr\u00e5n spinnrocken. Tycker sj\u00e4lv det \u00e4r en [&hellip;]<\/p>\n","protected":false},"author":1,"featured_media":0,"comment_status":"open","ping_status":"open","sticky":false,"template":"","format":"standard","meta":{"footnotes":""},"categories":[5,9],"tags":[],"class_list":["post-3063","post","type-post","status-publish","format-standard","hentry","category-fran-garnlagret","category-livet"],"_links":{"self":[{"href":"https:\/\/eva.sundstrom.st\/index.php?rest_route=\/wp\/v2\/posts\/3063","targetHints":{"allow":["GET"]}}],"collection":[{"href":"https:\/\/eva.sundstrom.st\/index.php?rest_route=\/wp\/v2\/posts"}],"about":[{"href":"https:\/\/eva.sundstrom.st\/index.php?rest_route=\/wp\/v2\/types\/post"}],"author":[{"embeddable":true,"href":"https:\/\/eva.sundstrom.st\/index.php?rest_route=\/wp\/v2\/users\/1"}],"replies":[{"embeddable":true,"href":"https:\/\/eva.sundstrom.st\/index.php?rest_route=%2Fwp%2Fv2%2Fcomments&post=3063"}],"version-history":[{"count":2,"href":"https:\/\/eva.sundstrom.st\/index.php?rest_route=\/wp\/v2\/posts\/3063\/revisions"}],"predecessor-version":[{"id":3069,"href":"https:\/\/eva.sundstrom.st\/index.php?rest_route=\/wp\/v2\/posts\/3063\/revisions\/3069"}],"wp:attachment":[{"href":"https:\/\/eva.sundstrom.st\/index.php?rest_route=%2Fwp%2Fv2%2Fmedia&parent=3063"}],"wp:term":[{"taxonomy":"category","embeddable":true,"href":"https:\/\/eva.sundstrom.st\/index.php?rest_route=%2Fwp%2Fv2%2Fcategories&post=3063"},{"taxonomy":"post_tag","embeddable":true,"href":"https:\/\/eva.sundstrom.st\/index.php?rest_route=%2Fwp%2Fv2%2Ftags&post=3063"}],"curies":[{"name":"wp","href":"https:\/\/api.w.org\/{rel}","templated":true}]}}