{"id":3119,"date":"2012-06-10T21:09:33","date_gmt":"2012-06-10T20:09:33","guid":{"rendered":"http:\/\/www.eva.sundstrom.st\/?p=3119"},"modified":"2012-06-10T21:09:33","modified_gmt":"2012-06-10T20:09:33","slug":"3119","status":"publish","type":"post","link":"https:\/\/eva.sundstrom.st\/?p=3119","title":{"rendered":""},"content":{"rendered":"<p>Blev inte direkt tillf\u00e4lle i \u00e5r heller att delta i n\u00e5got WWKIP-day &#8211; stickning i det offentliga rummet. Men jag stickade i bilen under v\u00e5r resa till Uppsala. En stund p\u00e5 kv\u00e4llen stickade jag och en sv\u00e4gerska i matsalen p\u00e5 Uppsala Hostel.<\/p>\n<p><a href=\"http:\/\/www.eva.sundstrom.st\/wp-content\/upload\/IMAG0143.jpg\"><img loading=\"lazy\" decoding=\"async\" src=\"http:\/\/www.eva.sundstrom.st\/wp-content\/upload\/IMAG0143-300x200.jpg\" alt=\"\" title=\"IMAG0143\" width=\"300\" height=\"200\" class=\"aligncenter size-medium wp-image-3120\" srcset=\"https:\/\/eva.sundstrom.st\/wp-content\/upload\/IMAG0143-300x200.jpg 300w, https:\/\/eva.sundstrom.st\/wp-content\/upload\/IMAG0143-1024x682.jpg 1024w\" sizes=\"auto, (max-width: 300px) 100vw, 300px\" \/><\/a><\/p>\n<p>Det var v\u00e5rt bidrag till  det offentliga. <\/p>\n<p>Dagen i dag har till\u00e4gnats v\u00e5ra barns kusin som pr\u00e4stvigdes. En h\u00e4rlig dag tillsammans med sl\u00e4ktingar som man inte tr\u00e4ffar s\u00e5 ofta p\u00e5 grund av l\u00e5nga avst\u00e5nd.<br \/>\nUnder hemresan blev det mera stickning.<\/p>\n","protected":false},"excerpt":{"rendered":"<p>Blev inte direkt tillf\u00e4lle i \u00e5r heller att delta i n\u00e5got WWKIP-day &#8211; stickning i det offentliga rummet. Men jag stickade i bilen under v\u00e5r resa till Uppsala. En stund p\u00e5 kv\u00e4llen stickade jag och en sv\u00e4gerska i matsalen p\u00e5 Uppsala Hostel. Det var v\u00e5rt bidrag till det offentliga. Dagen i dag har till\u00e4gnats v\u00e5ra [&hellip;]<\/p>\n","protected":false},"author":1,"featured_media":0,"comment_status":"open","ping_status":"open","sticky":false,"template":"","format":"standard","meta":{"footnotes":""},"categories":[5,9],"tags":[],"class_list":["post-3119","post","type-post","status-publish","format-standard","hentry","category-fran-garnlagret","category-livet"],"_links":{"self":[{"href":"https:\/\/eva.sundstrom.st\/index.php?rest_route=\/wp\/v2\/posts\/3119","targetHints":{"allow":["GET"]}}],"collection":[{"href":"https:\/\/eva.sundstrom.st\/index.php?rest_route=\/wp\/v2\/posts"}],"about":[{"href":"https:\/\/eva.sundstrom.st\/index.php?rest_route=\/wp\/v2\/types\/post"}],"author":[{"embeddable":true,"href":"https:\/\/eva.sundstrom.st\/index.php?rest_route=\/wp\/v2\/users\/1"}],"replies":[{"embeddable":true,"href":"https:\/\/eva.sundstrom.st\/index.php?rest_route=%2Fwp%2Fv2%2Fcomments&post=3119"}],"version-history":[{"count":2,"href":"https:\/\/eva.sundstrom.st\/index.php?rest_route=\/wp\/v2\/posts\/3119\/revisions"}],"predecessor-version":[{"id":3122,"href":"https:\/\/eva.sundstrom.st\/index.php?rest_route=\/wp\/v2\/posts\/3119\/revisions\/3122"}],"wp:attachment":[{"href":"https:\/\/eva.sundstrom.st\/index.php?rest_route=%2Fwp%2Fv2%2Fmedia&parent=3119"}],"wp:term":[{"taxonomy":"category","embeddable":true,"href":"https:\/\/eva.sundstrom.st\/index.php?rest_route=%2Fwp%2Fv2%2Fcategories&post=3119"},{"taxonomy":"post_tag","embeddable":true,"href":"https:\/\/eva.sundstrom.st\/index.php?rest_route=%2Fwp%2Fv2%2Ftags&post=3119"}],"curies":[{"name":"wp","href":"https:\/\/api.w.org\/{rel}","templated":true}]}}