{"id":316,"date":"2007-09-07T18:40:39","date_gmt":"2007-09-07T17:40:39","guid":{"rendered":"http:\/\/www.eva.sundstrom.st\/?p=316"},"modified":"2007-09-07T18:40:39","modified_gmt":"2007-09-07T17:40:39","slug":"arbete-och-host","status":"publish","type":"post","link":"https:\/\/eva.sundstrom.st\/?p=316","title":{"rendered":"Arbete och h"},"content":{"rendered":"<p>S\u00e5 \u00e4r f\u00f6rsta arbetsveckan efter semestern slut.<\/p>\n<p>Det gick ju det ocks\u00e5.<\/p>\n<p>S\u00e5 h\u00e4r efter\u00e5t inser jag, mer och mer, att  beslutet att ta ut s\u00e5 mycke semester p\u00e5 en g\u00e5ng var ett av de klokaste beslut jag n\u00e5gonsin tagit.<\/p>\n<p>Och visst \u00e4r det h\u00f6st men det finns mycke vackert kvar \u00e4nnu.<\/p>\n<p>Vid dagens tr\u00e4dg\u00e5rdrunda fick jag med f\u00f6ljade bilder.<\/p>\n<p>Vet att jag visat bilder f\u00f6rut p\u00e5 mina Dahlior men jag k\u00f6r en bild till<\/p>\n<p>Det \u00e4r en blomma jag verkligen \u00e4lskar. Nu har frosten br\u00e4nt mycke av bladen men blommorna st\u00e5r fina fortfarande.<\/p>\n<p><a href='http:\/\/www.eva.sundstrom.st\/wp-content\/upload\/dsc01040.jpg' title='dsc01040.jpg'><img src='http:\/\/www.eva.sundstrom.st\/wp-content\/upload\/dsc01040.jpg' alt='dsc01040.jpg' \/><\/a> <\/p>\n<p>Minns att min mamma hade s\u00e5nna gammeldags gula och r\u00f6da Dahlior. Hon \u00f6vervintrade kn\u00f6larna i l\u00e5dor i ladug\u00e5rden.<\/p>\n<p>P\u00e5 v\u00e5ren n\u00e4r hon planterade ut dom gr\u00e4vde hon stoooora gropar,<br \/>\njag trodde n\u00e4stan hon skulle komma ut p\u00e5 andra sidan jorden.<br \/>\nSedan blandade hon g\u00f6ssel fr\u00e5n korna i planteringsgropen och sen p\u00e5 sommaren blommade Dahliorn rikligt och var stora som buskar.<\/p>\n<p>Undrar just hur stora dom var ?<\/p>\n<p>H\u00e4r var h\u00f6stmarknad i onsdags. <\/p>\n<p>Den m\u00e5ste ju bes\u00f6kas och vad tror ni.<\/p>\n<p>Nog snubblade jag p\u00e5 n\u00e5gra v\u00e4xter som det sod Eva p\u00e5.<\/p>\n<p><a href='http:\/\/www.eva.sundstrom.st\/wp-content\/upload\/dsc01033.jpg' title='dsc01033.jpg'><img src='http:\/\/www.eva.sundstrom.st\/wp-content\/upload\/dsc01033.jpg' alt='dsc01033.jpg' \/><\/a><\/p>\n<p>Denna H\u00f6stlilja och en Doftlilja. B\u00e5da \u00e4r planterade. Dofliljan har inga blommor s\u00e5 den f\u00e5r ni se f\u00f6rst n\u00e4sta \u00e5r om den \u00f6verlever.<\/p>\n<p>Solrosen som n\u00e5gon f\u00e5gel s\u00e5tt till mig har slagit ut<\/p>\n<p><a href='http:\/\/www.eva.sundstrom.st\/wp-content\/upload\/dsc01037.jpg' title='dsc01037.jpg'><img src='http:\/\/www.eva.sundstrom.st\/wp-content\/upload\/dsc01037.jpg' alt='dsc01037.jpg' \/><\/a><\/p>\n<p>Tycker man blir glad av att bara titta p\u00e5 den.<\/p>\n<p>Sedan gick jag f\u00f6rbi kl\u00e4tter rosen och  jag fann knoppar d\u00e4r.<\/p>\n<p><a href='http:\/\/www.eva.sundstrom.st\/wp-content\/upload\/dsc01039.jpg' title='dsc01039.jpg'><img src='http:\/\/www.eva.sundstrom.st\/wp-content\/upload\/dsc01039.jpg' alt='dsc01039.jpg' \/><\/a><\/p>\n<p>Hoppas vi alla f\u00e5r en fin helg med avkoppling och sol.<br \/>\nLev v\u00e4l och m\u00e5 gott.<\/p>\n","protected":false},"excerpt":{"rendered":"<p>S\u00e5 \u00e4r f\u00f6rsta arbetsveckan efter semestern slut. Det gick ju det ocks\u00e5. S\u00e5 h\u00e4r efter\u00e5t inser jag, mer och mer, att beslutet att ta ut s\u00e5 mycke semester p\u00e5 en g\u00e5ng var ett av de klokaste beslut jag n\u00e5gonsin tagit. Och visst \u00e4r det h\u00f6st men det finns mycke vackert kvar \u00e4nnu. Vid dagens tr\u00e4dg\u00e5rdrunda [&hellip;]<\/p>\n","protected":false},"author":1,"featured_media":0,"comment_status":"open","ping_status":"open","sticky":false,"template":"","format":"standard","meta":{"footnotes":""},"categories":[1],"tags":[],"class_list":["post-316","post","type-post","status-publish","format-standard","hentry","category-uncategorized"],"_links":{"self":[{"href":"https:\/\/eva.sundstrom.st\/index.php?rest_route=\/wp\/v2\/posts\/316","targetHints":{"allow":["GET"]}}],"collection":[{"href":"https:\/\/eva.sundstrom.st\/index.php?rest_route=\/wp\/v2\/posts"}],"about":[{"href":"https:\/\/eva.sundstrom.st\/index.php?rest_route=\/wp\/v2\/types\/post"}],"author":[{"embeddable":true,"href":"https:\/\/eva.sundstrom.st\/index.php?rest_route=\/wp\/v2\/users\/1"}],"replies":[{"embeddable":true,"href":"https:\/\/eva.sundstrom.st\/index.php?rest_route=%2Fwp%2Fv2%2Fcomments&post=316"}],"version-history":[{"count":0,"href":"https:\/\/eva.sundstrom.st\/index.php?rest_route=\/wp\/v2\/posts\/316\/revisions"}],"wp:attachment":[{"href":"https:\/\/eva.sundstrom.st\/index.php?rest_route=%2Fwp%2Fv2%2Fmedia&parent=316"}],"wp:term":[{"taxonomy":"category","embeddable":true,"href":"https:\/\/eva.sundstrom.st\/index.php?rest_route=%2Fwp%2Fv2%2Fcategories&post=316"},{"taxonomy":"post_tag","embeddable":true,"href":"https:\/\/eva.sundstrom.st\/index.php?rest_route=%2Fwp%2Fv2%2Ftags&post=316"}],"curies":[{"name":"wp","href":"https:\/\/api.w.org\/{rel}","templated":true}]}}