{"id":3199,"date":"2012-07-22T08:58:31","date_gmt":"2012-07-22T07:58:31","guid":{"rendered":"http:\/\/www.eva.sundstrom.st\/?p=3199"},"modified":"2012-07-22T08:58:31","modified_gmt":"2012-07-22T07:58:31","slug":"tankar-3","status":"publish","type":"post","link":"https:\/\/eva.sundstrom.st\/?p=3199","title":{"rendered":"Tankar!"},"content":{"rendered":"<p>Att vara f\u00f6r\u00e4lder till barn som v\u00e4xt upp till vuxna.<br \/>\nBarn som klarat sig igenom alla skeden fr\u00e5n barn till vuxen, med trots\u00e5ldrar och brytningstider och frig\u00f6relse. Det k\u00e4nns bra.<br \/>\nKan v\u00e4ll inte p\u00e5st\u00e5 att det alltid varit som att glida fram p\u00e5 en r\u00e4kmacka.<br \/>\nDet har funnits oro och vakna n\u00e4tter. Som mamma, och s\u00e4kert \u00e4ven som pappa, tror jag aldrig man slutar oroa sig f\u00f6r sina barn och k\u00e4nna med dom.<br \/>\nHar man sedan lyckan att f\u00e5 barnbarn s\u00e5 kommer en hel del oro tillbaka. Oro k\u00e4nns lite fel men jag hittar inget anat ord. Man vill ju att dom ska m\u00e5 bra och att det ska g\u00e5 bra f\u00f6r dom i livet. <\/p>\n<p>Som f\u00f6r\u00e4lder m\u00e5ste man d\u00e5 klara av skilsm\u00e4ssan fr\u00e5n sina barn n\u00e4r det \u00e4r dax.<br \/>\nL\u00e5ta dom flyga iv\u00e4g och pr\u00f6va sina egna vingar, men finnas kvar om det inte b\u00e4r.<br \/>\nN\u00e4r alla flyttat b\u00f6rjar man omedvetet l\u00e4gga sig till med en annan livsstil. Det finns mera plats och mer tid f\u00f6r en sj\u00e4lv. Man blir n\u00e4stan lite insn\u00f6ad i sina egna vanor.<\/p>\n<p>Egentligen beror det nog inte p\u00e5 att man vill vara ensam utan p\u00e5 att man gl\u00f6mt bort hur man skapar &#8221;egen tid&#8221; med huset fullt av folk.<br \/>\nEller beror det p\u00e5 \u00e5ldern!<br \/>\nDet \u00e4r s\u00e5\u00e5 roligt n\u00e4r barnen vill komma hem med sina familjer.<br \/>\nMan tycker p\u00e5 ett s\u00e4tt att alla bes\u00f6k blir f\u00f6r korta samtidigt som det k\u00e4nns sk\u00f6nt att vara tillbaka i egna rutiner.  <\/p>\n<p>Min mamma sa s\u00e5 ocks\u00e5 n\u00e4r mina \u00e4ldre systrar var hemma med sina familjer.<br \/>\nTydligen dax b\u00f6rja r\u00e4kna in sig i den \u00e4ldre generationen!<\/p>\n<p>Minns en tid d\u00e5 livet k\u00e4ndes halvt n\u00e4r inte alla barn var hemma och det kom och gick barn och kompisar mest hela tiden.<br \/>\nTankar, tankar, tankar.<\/p>\n<p>Solen skiner i dag.  <a href=\"http:\/\/www.eva.sundstrom.st\/wp-content\/upload\/SAM_0207-001.jpg\"><img loading=\"lazy\" decoding=\"async\" src=\"http:\/\/www.eva.sundstrom.st\/wp-content\/upload\/SAM_0207-001-150x150.jpg\" alt=\"\" title=\"SAM_0207-001\" width=\"150\" height=\"150\" class=\"alignright size-thumbnail wp-image-3201\" \/><\/a><br \/>\nVi har en egen gr\u00e4smatta att g\u00e5 omkring p\u00e5.<br \/>\nVi har ett eget hus (som ska m\u00e5las)<br \/>\nVi har barn och barnbarn som har det bra.<br \/>\nVi alla har varandra.<br \/>\nVi har &#8221;egna&#8221; v\u00e4nner utanf\u00f6r familjen.<\/p>\n<p>Jag fylls av stor tacksamhet.    <\/p>\n<p>Lev v\u00e4l och m\u00e5 gott.<br \/>\nTa v\u00e4l hand om dig och dina v\u00e4nner.        <\/p>\n","protected":false},"excerpt":{"rendered":"<p>Att vara f\u00f6r\u00e4lder till barn som v\u00e4xt upp till vuxna. Barn som klarat sig igenom alla skeden fr\u00e5n barn till vuxen, med trots\u00e5ldrar och brytningstider och frig\u00f6relse. Det k\u00e4nns bra. Kan v\u00e4ll inte p\u00e5st\u00e5 att det alltid varit som att glida fram p\u00e5 en r\u00e4kmacka. Det har funnits oro och vakna n\u00e4tter. Som mamma, och [&hellip;]<\/p>\n","protected":false},"author":1,"featured_media":0,"comment_status":"open","ping_status":"open","sticky":false,"template":"","format":"standard","meta":{"footnotes":""},"categories":[9],"tags":[],"class_list":["post-3199","post","type-post","status-publish","format-standard","hentry","category-livet"],"_links":{"self":[{"href":"https:\/\/eva.sundstrom.st\/index.php?rest_route=\/wp\/v2\/posts\/3199","targetHints":{"allow":["GET"]}}],"collection":[{"href":"https:\/\/eva.sundstrom.st\/index.php?rest_route=\/wp\/v2\/posts"}],"about":[{"href":"https:\/\/eva.sundstrom.st\/index.php?rest_route=\/wp\/v2\/types\/post"}],"author":[{"embeddable":true,"href":"https:\/\/eva.sundstrom.st\/index.php?rest_route=\/wp\/v2\/users\/1"}],"replies":[{"embeddable":true,"href":"https:\/\/eva.sundstrom.st\/index.php?rest_route=%2Fwp%2Fv2%2Fcomments&post=3199"}],"version-history":[{"count":5,"href":"https:\/\/eva.sundstrom.st\/index.php?rest_route=\/wp\/v2\/posts\/3199\/revisions"}],"predecessor-version":[{"id":3205,"href":"https:\/\/eva.sundstrom.st\/index.php?rest_route=\/wp\/v2\/posts\/3199\/revisions\/3205"}],"wp:attachment":[{"href":"https:\/\/eva.sundstrom.st\/index.php?rest_route=%2Fwp%2Fv2%2Fmedia&parent=3199"}],"wp:term":[{"taxonomy":"category","embeddable":true,"href":"https:\/\/eva.sundstrom.st\/index.php?rest_route=%2Fwp%2Fv2%2Fcategories&post=3199"},{"taxonomy":"post_tag","embeddable":true,"href":"https:\/\/eva.sundstrom.st\/index.php?rest_route=%2Fwp%2Fv2%2Ftags&post=3199"}],"curies":[{"name":"wp","href":"https:\/\/api.w.org\/{rel}","templated":true}]}}