{"id":3226,"date":"2012-08-06T07:29:52","date_gmt":"2012-08-06T06:29:52","guid":{"rendered":"http:\/\/www.eva.sundstrom.st\/?p=3226"},"modified":"2012-08-06T07:29:52","modified_gmt":"2012-08-06T06:29:52","slug":"sommarsemester","status":"publish","type":"post","link":"https:\/\/eva.sundstrom.st\/?p=3226","title":{"rendered":"Sommarsemester"},"content":{"rendered":"<p>Det \u00e4r minsann h\u00e4rligt med semesterveckor.<br \/>\nK\u00e4nns som om jag haft ledigt j\u00e4tte l\u00e4nge och kunde f\u00f6r all del t\u00e4nka mig att ha ledigt ett tag till.<br \/>\nDom tv\u00e5 f\u00f6rsta veckorna var fullsp\u00e4ckade med bes\u00f6k h\u00e4r och vi d\u00e4r, rensning i rabatter och plantering, hustv\u00e4tt och m\u00e5lning och f\u00f6r min del en hel del tid vid spinnrocken.<br \/>\nTredje veckan blev det en tur till sl\u00e4kten i norr.<br \/>\nH\u00e4lsade p\u00e5 en &#8221;n\u00e4t&#8221; kompis. Det var s\u00e5 trevligt. Pratade v\u00e4vning, spinning, stickcafe och byten hela eftermiddagen.<br \/>\nDet var faktiskt den fj\u00e4rde n\u00e4tbekantingen jag tr\u00e4ffade irl.<br \/>\nVi var p\u00e5 pelargonutst\u00e4llning ocks\u00e5 men jag hade naturligtvis inte kameran med. F\u00f6rs\u00f6kte mig p\u00e5 att ta kort med mobilen p\u00e5 en liten dubbel sk\u00f6nhet.<\/p>\n<p><a href=\"http:\/\/www.eva.sundstrom.st\/wp-content\/upload\/IMAG0179.jpg\"><img loading=\"lazy\" decoding=\"async\" src=\"http:\/\/www.eva.sundstrom.st\/wp-content\/upload\/IMAG0179-150x150.jpg\" alt=\"\" title=\"fr\u00c3\u00a5n pelargonutst\u00c3\u00a4llning i Skellefte\u00c3\u00a5\" width=\"150\" height=\"150\" class=\"aligncenter size-thumbnail wp-image-3227\" \/><\/a><\/p>\n<p>V\u00e4dret var v\u00e4xland<\/p>\n<p><a href=\"http:\/\/www.eva.sundstrom.st\/wp-content\/upload\/IMAG0184.jpg\"><img loading=\"lazy\" decoding=\"async\" src=\"http:\/\/www.eva.sundstrom.st\/wp-content\/upload\/IMAG0184-150x150.jpg\" alt=\"\" title=\"IMAG0184\" width=\"150\" height=\"150\" class=\"aligncenter size-thumbnail wp-image-3228\" \/><\/a><\/p>\n<p>Men bakom molnen \u00e4r himlen alltid bl\u00e5.<\/p>\n<p>V\u00e4l hemma igen \u00e5kte jag p\u00e5 f\u00f6rkylning \ud83d\ude41  Inte j\u00e4ttesjuk men heller inte riktigt bra.  F\u00e5r se hur det k\u00e4nns h\u00e4r i dag n\u00e4r jag kommer ig\u00e5ng.   Hade ju en del sm\u00e5plock som jag ville \u00e4gna dom sista semesterdagarna \u00e5t. Att sitta stilla med en bok eller stickning duger det ocks\u00e5.<br \/>\nLev v\u00e4l och m\u00e5 gott.<\/p>\n","protected":false},"excerpt":{"rendered":"<p>Det \u00e4r minsann h\u00e4rligt med semesterveckor. K\u00e4nns som om jag haft ledigt j\u00e4tte l\u00e4nge och kunde f\u00f6r all del t\u00e4nka mig att ha ledigt ett tag till. Dom tv\u00e5 f\u00f6rsta veckorna var fullsp\u00e4ckade med bes\u00f6k h\u00e4r och vi d\u00e4r, rensning i rabatter och plantering, hustv\u00e4tt och m\u00e5lning och f\u00f6r min del en hel del tid [&hellip;]<\/p>\n","protected":false},"author":1,"featured_media":0,"comment_status":"open","ping_status":"open","sticky":false,"template":"","format":"standard","meta":{"footnotes":""},"categories":[9],"tags":[],"class_list":["post-3226","post","type-post","status-publish","format-standard","hentry","category-livet"],"_links":{"self":[{"href":"https:\/\/eva.sundstrom.st\/index.php?rest_route=\/wp\/v2\/posts\/3226","targetHints":{"allow":["GET"]}}],"collection":[{"href":"https:\/\/eva.sundstrom.st\/index.php?rest_route=\/wp\/v2\/posts"}],"about":[{"href":"https:\/\/eva.sundstrom.st\/index.php?rest_route=\/wp\/v2\/types\/post"}],"author":[{"embeddable":true,"href":"https:\/\/eva.sundstrom.st\/index.php?rest_route=\/wp\/v2\/users\/1"}],"replies":[{"embeddable":true,"href":"https:\/\/eva.sundstrom.st\/index.php?rest_route=%2Fwp%2Fv2%2Fcomments&post=3226"}],"version-history":[{"count":4,"href":"https:\/\/eva.sundstrom.st\/index.php?rest_route=\/wp\/v2\/posts\/3226\/revisions"}],"predecessor-version":[{"id":3232,"href":"https:\/\/eva.sundstrom.st\/index.php?rest_route=\/wp\/v2\/posts\/3226\/revisions\/3232"}],"wp:attachment":[{"href":"https:\/\/eva.sundstrom.st\/index.php?rest_route=%2Fwp%2Fv2%2Fmedia&parent=3226"}],"wp:term":[{"taxonomy":"category","embeddable":true,"href":"https:\/\/eva.sundstrom.st\/index.php?rest_route=%2Fwp%2Fv2%2Fcategories&post=3226"},{"taxonomy":"post_tag","embeddable":true,"href":"https:\/\/eva.sundstrom.st\/index.php?rest_route=%2Fwp%2Fv2%2Ftags&post=3226"}],"curies":[{"name":"wp","href":"https:\/\/api.w.org\/{rel}","templated":true}]}}