{"id":3256,"date":"2012-08-21T18:37:28","date_gmt":"2012-08-21T17:37:28","guid":{"rendered":"http:\/\/www.eva.sundstrom.st\/?p=3256"},"modified":"2012-08-21T18:39:46","modified_gmt":"2012-08-21T17:39:46","slug":"stickar-vidare","status":"publish","type":"post","link":"https:\/\/eva.sundstrom.st\/?p=3256","title":{"rendered":"Stickar vidare!"},"content":{"rendered":"<p>Nu har jag f\u00e4rgat mera garn.<\/p>\n<p><a href=\"http:\/\/www.eva.sundstrom.st\/wp-content\/upload\/SAM_0278-kopia.jpg\"><img loading=\"lazy\" decoding=\"async\" src=\"http:\/\/www.eva.sundstrom.st\/wp-content\/upload\/SAM_0278-kopia-150x150.jpg\" alt=\"\" title=\"SAM_0278 kopia\" width=\"150\" height=\"150\" class=\"alignleft size-thumbnail wp-image-3259\" \/><\/a><\/p>\n<p>Denna g\u00e5ng \u00e4r det vassvippor som satt f\u00e4rg p\u00e5 tv\u00e5 h\u00e4rvor vitt garn, dom tv\u00e5 till v\u00e4nster. Tyckte det blev v\u00e4l ljust s\u00e5 jag plockade mera vass och l\u00e4t en h\u00e4rva f\u00e5 ett nytt bad. Den blev n\u00e5gon nyans m\u00f6rkare. Tyckte det var synd att bara sl\u00e4nga bort &#8221;badvattnet&#8221; s\u00e5 jag l\u00e4t en liten h\u00e4rva med mest gr\u00e5tt i f\u00e5 ta sig ett efterbad. Det \u00e4r den l\u00e4ngst till h\u00f6ger.<\/p>\n<p>Blev n\u00f6jd med alla tre nyanserna.<\/p>\n<p>Kan h\u00e4nda plockar jag med n\u00e5gon tr\u00e5d fr\u00e5n det garn jag i v\u00e5ras f\u00e4rgade med bj\u00f6rkl\u00f6v.<\/p>\n<p><a href=\"http:\/\/www.eva.sundstrom.st\/wp-content\/upload\/SAM_0287.jpg\"><img loading=\"lazy\" decoding=\"async\" src=\"http:\/\/www.eva.sundstrom.st\/wp-content\/upload\/SAM_0287-150x150.jpg\" alt=\"\" title=\"SAM_0287\" width=\"150\" height=\"150\" class=\"aligncenter size-thumbnail wp-image-3260\" \/><\/a><\/p>\n<p>Nu tror jag mig ha garn s\u00e5 det r\u00e4cker och kan forts\u00e4tta sticka p\u00e5 min p\u00e5b\u00f6rjade dominosjal.<\/p>\n<p><a href=\"http:\/\/www.eva.sundstrom.st\/wp-content\/upload\/DSC07685.jpg\"><img loading=\"lazy\" decoding=\"async\" src=\"http:\/\/www.eva.sundstrom.st\/wp-content\/upload\/DSC07685-150x150.jpg\" alt=\"\" title=\"DSC07685\" width=\"150\" height=\"150\" class=\"aligncenter size-thumbnail wp-image-3261\" \/><\/a><\/p>\n<p>D\u00e4r finns sedan tidigare garn f\u00e4rgat med vassvippor och gullris, \u00e4lggr\u00e4s och ormbunke. Minns inte l\u00e4ngre viken f\u00e4rg som kommer fr\u00e5n vad bara att det m\u00f6rkaste gr\u00f6na \u00e4r fr\u00e5n skimrande vassvippor.<br \/>\nAll fr\u00e5n egenspunnet garn!<\/p>\n","protected":false},"excerpt":{"rendered":"<p>Nu har jag f\u00e4rgat mera garn. Denna g\u00e5ng \u00e4r det vassvippor som satt f\u00e4rg p\u00e5 tv\u00e5 h\u00e4rvor vitt garn, dom tv\u00e5 till v\u00e4nster. Tyckte det blev v\u00e4l ljust s\u00e5 jag plockade mera vass och l\u00e4t en h\u00e4rva f\u00e5 ett nytt bad. Den blev n\u00e5gon nyans m\u00f6rkare. Tyckte det var synd att bara sl\u00e4nga bort &#8221;badvattnet&#8221; [&hellip;]<\/p>\n","protected":false},"author":1,"featured_media":0,"comment_status":"open","ping_status":"open","sticky":false,"template":"","format":"standard","meta":{"footnotes":""},"categories":[13],"tags":[],"class_list":["post-3256","post","type-post","status-publish","format-standard","hentry","category-hantverk"],"_links":{"self":[{"href":"https:\/\/eva.sundstrom.st\/index.php?rest_route=\/wp\/v2\/posts\/3256","targetHints":{"allow":["GET"]}}],"collection":[{"href":"https:\/\/eva.sundstrom.st\/index.php?rest_route=\/wp\/v2\/posts"}],"about":[{"href":"https:\/\/eva.sundstrom.st\/index.php?rest_route=\/wp\/v2\/types\/post"}],"author":[{"embeddable":true,"href":"https:\/\/eva.sundstrom.st\/index.php?rest_route=\/wp\/v2\/users\/1"}],"replies":[{"embeddable":true,"href":"https:\/\/eva.sundstrom.st\/index.php?rest_route=%2Fwp%2Fv2%2Fcomments&post=3256"}],"version-history":[{"count":8,"href":"https:\/\/eva.sundstrom.st\/index.php?rest_route=\/wp\/v2\/posts\/3256\/revisions"}],"predecessor-version":[{"id":3268,"href":"https:\/\/eva.sundstrom.st\/index.php?rest_route=\/wp\/v2\/posts\/3256\/revisions\/3268"}],"wp:attachment":[{"href":"https:\/\/eva.sundstrom.st\/index.php?rest_route=%2Fwp%2Fv2%2Fmedia&parent=3256"}],"wp:term":[{"taxonomy":"category","embeddable":true,"href":"https:\/\/eva.sundstrom.st\/index.php?rest_route=%2Fwp%2Fv2%2Fcategories&post=3256"},{"taxonomy":"post_tag","embeddable":true,"href":"https:\/\/eva.sundstrom.st\/index.php?rest_route=%2Fwp%2Fv2%2Ftags&post=3256"}],"curies":[{"name":"wp","href":"https:\/\/api.w.org\/{rel}","templated":true}]}}