{"id":3328,"date":"2012-10-16T20:23:07","date_gmt":"2012-10-16T19:23:07","guid":{"rendered":"http:\/\/www.eva.sundstrom.st\/?p=3328"},"modified":"2012-11-06T20:35:29","modified_gmt":"2012-11-06T19:35:29","slug":"vad-ar-konst","status":"publish","type":"post","link":"https:\/\/eva.sundstrom.st\/?p=3328","title":{"rendered":"Vad \u00e4r konst?"},"content":{"rendered":"<p>I s\u00f6ndags var jag med p\u00e5 tacks\u00e4gelsegudstj\u00e4nsten i  v\u00e5rt f\u00f6rsamlingshem.<br \/>\nV\u00e5rt handarbetscaf\u00e9 hade en liten utst\u00e4llning och barngrupperna visade upp vad som pysslat med.<br \/>\nHade inte kameran med och f\u00f6rst n\u00e4r jag st\u00e5r och v\u00e4ntar p\u00e5 att bli h\u00e4mtad kom jag p\u00e5 att jag faktiskt kan ta bilder med mobilen!<br \/>\nDet var mycket jag missade som var v\u00e4l v\u00e4rt att visas. <\/p>\n<p>H\u00e4r \u00e4r tv\u00e5 tavlor som tilltalade mig.<\/p>\n<p><a href=\"http:\/\/www.eva.sundstrom.st\/wp-content\/upload\/IMAG0252.jpg\"><img loading=\"lazy\" decoding=\"async\" src=\"http:\/\/www.eva.sundstrom.st\/wp-content\/upload\/IMAG0252-300x200.jpg\" alt=\"\" title=\"IMAG0252\" width=\"300\" height=\"200\" class=\"aligncenter size-medium wp-image-3330\" srcset=\"https:\/\/eva.sundstrom.st\/wp-content\/upload\/IMAG0252-300x200.jpg 300w, https:\/\/eva.sundstrom.st\/wp-content\/upload\/IMAG0252-1024x682.jpg 1024w\" sizes=\"auto, (max-width: 300px) 100vw, 300px\" \/><\/a><\/p>\n<p><a href=\"http:\/\/www.eva.sundstrom.st\/wp-content\/upload\/IMAG0251.jpg\"><img loading=\"lazy\" decoding=\"async\" src=\"http:\/\/www.eva.sundstrom.st\/wp-content\/upload\/IMAG0251-300x200.jpg\" alt=\"\" title=\"IMAG0251\" width=\"300\" height=\"200\" class=\"aligncenter size-medium wp-image-3329\" srcset=\"https:\/\/eva.sundstrom.st\/wp-content\/upload\/IMAG0251-300x200.jpg 300w, https:\/\/eva.sundstrom.st\/wp-content\/upload\/IMAG0251-1024x682.jpg 1024w\" sizes=\"auto, (max-width: 300px) 100vw, 300px\" \/><\/a><\/p>\n<p>Nu hoppar vi tv\u00e5 veckor tillbaka i tiden.<br \/>\nD\u00e5 passerade jag denna bro.<br \/>\nTanken sl\u00e5r mig att jag kanske aldrig mer kommer att passera just h\u00e4r!<\/p>\n<p><a href=\"http:\/\/www.eva.sundstrom.st\/wp-content\/upload\/IMAG0234.jpg\"><img loading=\"lazy\" decoding=\"async\" src=\"http:\/\/www.eva.sundstrom.st\/wp-content\/upload\/IMAG0234-300x200.jpg\" alt=\"\" title=\"IMAG0234\" width=\"300\" height=\"200\" class=\"aligncenter size-medium wp-image-3331\" srcset=\"https:\/\/eva.sundstrom.st\/wp-content\/upload\/IMAG0234-300x200.jpg 300w, https:\/\/eva.sundstrom.st\/wp-content\/upload\/IMAG0234-1024x682.jpg 1024w\" sizes=\"auto, (max-width: 300px) 100vw, 300px\" \/><\/a><\/p>\n<p>P\u00e5 hantverksfronten har jag tvinnat klart en h\u00e4rva med tretr\u00e5digt garn fr\u00e5n en enda tr\u00e5d. Metoden har ett eget namn men just nu kan jag inte komma ih\u00e5g just det ordet.<\/p>\n<p><a href=\"http:\/\/www.eva.sundstrom.st\/wp-content\/upload\/IMAG0250.jpg\"><img loading=\"lazy\" decoding=\"async\" src=\"http:\/\/www.eva.sundstrom.st\/wp-content\/upload\/IMAG0250-300x200.jpg\" alt=\"\" title=\"IMAG0250\" width=\"300\" height=\"200\" class=\"aligncenter size-medium wp-image-3332\" srcset=\"https:\/\/eva.sundstrom.st\/wp-content\/upload\/IMAG0250-300x200.jpg 300w, https:\/\/eva.sundstrom.st\/wp-content\/upload\/IMAG0250-1024x682.jpg 1024w\" sizes=\"auto, (max-width: 300px) 100vw, 300px\" \/><\/a><\/p>\n<p>Klicka om du vill se st\u00f6rre bilder!<\/p>\n<p>Avslutade dagen i dag med motion.<br \/>\nTog mig i kragen och lyfte upp mig fr\u00e5n stolen och tog en promenad. Undrar om jag faktiskt g\u00e5r lite fortare nu. Den promenad som f\u00f6rut tog 28-30 min tog i dag bara 21 min. B\u00e4ttre \u00e4n inget och s\u00e5 har jag 10 min p\u00e5 Crosstrainer som jag startade dagen med. Det f\u00e5r faktiskt r\u00e4cka med det f\u00f6r i dag.<br \/>\n God natt p\u00e5 er och sov s\u00e5 gott!<\/p>\n","protected":false},"excerpt":{"rendered":"<p>I s\u00f6ndags var jag med p\u00e5 tacks\u00e4gelsegudstj\u00e4nsten i v\u00e5rt f\u00f6rsamlingshem. V\u00e5rt handarbetscaf\u00e9 hade en liten utst\u00e4llning och barngrupperna visade upp vad som pysslat med. Hade inte kameran med och f\u00f6rst n\u00e4r jag st\u00e5r och v\u00e4ntar p\u00e5 att bli h\u00e4mtad kom jag p\u00e5 att jag faktiskt kan ta bilder med mobilen! Det var mycket jag missade [&hellip;]<\/p>\n","protected":false},"author":1,"featured_media":0,"comment_status":"open","ping_status":"open","sticky":false,"template":"","format":"standard","meta":{"footnotes":""},"categories":[4,9,14],"tags":[],"class_list":["post-3328","post","type-post","status-publish","format-standard","hentry","category-allmant","category-livet","category-motion"],"_links":{"self":[{"href":"https:\/\/eva.sundstrom.st\/index.php?rest_route=\/wp\/v2\/posts\/3328","targetHints":{"allow":["GET"]}}],"collection":[{"href":"https:\/\/eva.sundstrom.st\/index.php?rest_route=\/wp\/v2\/posts"}],"about":[{"href":"https:\/\/eva.sundstrom.st\/index.php?rest_route=\/wp\/v2\/types\/post"}],"author":[{"embeddable":true,"href":"https:\/\/eva.sundstrom.st\/index.php?rest_route=\/wp\/v2\/users\/1"}],"replies":[{"embeddable":true,"href":"https:\/\/eva.sundstrom.st\/index.php?rest_route=%2Fwp%2Fv2%2Fcomments&post=3328"}],"version-history":[{"count":7,"href":"https:\/\/eva.sundstrom.st\/index.php?rest_route=\/wp\/v2\/posts\/3328\/revisions"}],"predecessor-version":[{"id":3371,"href":"https:\/\/eva.sundstrom.st\/index.php?rest_route=\/wp\/v2\/posts\/3328\/revisions\/3371"}],"wp:attachment":[{"href":"https:\/\/eva.sundstrom.st\/index.php?rest_route=%2Fwp%2Fv2%2Fmedia&parent=3328"}],"wp:term":[{"taxonomy":"category","embeddable":true,"href":"https:\/\/eva.sundstrom.st\/index.php?rest_route=%2Fwp%2Fv2%2Fcategories&post=3328"},{"taxonomy":"post_tag","embeddable":true,"href":"https:\/\/eva.sundstrom.st\/index.php?rest_route=%2Fwp%2Fv2%2Ftags&post=3328"}],"curies":[{"name":"wp","href":"https:\/\/api.w.org\/{rel}","templated":true}]}}