{"id":344,"date":"2007-09-18T09:20:16","date_gmt":"2007-09-18T08:20:16","guid":{"rendered":"http:\/\/www.eva.sundstrom.st\/?p=344"},"modified":"2007-09-18T09:20:16","modified_gmt":"2007-09-18T08:20:16","slug":"garngarn-vad-mande-bliva","status":"publish","type":"post","link":"https:\/\/eva.sundstrom.st\/?p=344","title":{"rendered":"GARN..garn vad m"},"content":{"rendered":"<p>Konstig rubrik kanske,   men ibland undrar jag om det \u00e4r en alvarlig sjukdom jag lider av.<\/p>\n<p>F\u00f6rst ett litet till\u00e4gg till il\u00e4gget 16\/9.  <\/p>\n<p>Sm\u00e5l\u00e4nskan, f\u00f6r jag tror det \u00e4r en hon,<br \/>\n l\u00e4r vara ursprungsplantan,v\u00e4xten, till v\u00e5rkrage\/gemsrot<br \/>\nDoronicum orientale.<\/p>\n<p>Om jag f\u00f6rt\u00e5tt informationen  s\u00e5 \u00e4r nog inte detta helt r\u00e4tt namn p\u00e5 just den h\u00e4r plantan.<\/p>\n<p>Herr R. Om du ser detta och ser att jag fattat  fel s\u00e5 r\u00e4tta mig \u00e4r du sn\u00e4ll.<br \/>\n Har n\u00e5gra trogna tr\u00e4dg\u00e5rdsintresserade l\u00e4sare och jag vill ju inte fara fram med osanningar.<\/p>\n<p>Mycke text h\u00e4r s\u00e5 jag skickar med en krasseblomma som jag f\u00e5ngade hos en v\u00e4n.<\/p>\n<p><a href='http:\/\/www.eva.sundstrom.st\/wp-content\/upload\/dsc00956.jpg' title='dsc00956.jpg'><img src='http:\/\/www.eva.sundstrom.st\/wp-content\/upload\/dsc00956.jpg' alt='dsc00956.jpg' \/><\/a><\/p>\n<p>Min bloggv\u00e4nn <a href=\"http:\/\/ingerf.blogspot.com\/\">Inger F<\/a> sa som s\u00e5. Visste man inte innan att man beh\u00f6ver saker s\u00e5 kommer man p\u00e5 det om man \u00e5ker till IKEA.<\/p>\n<p>S\u00e5 \u00e4r det n\u00e4r jag kommer in p\u00e5 en garnaff\u00e4r.<br \/>\nD\u00e4r ligger nystan och fullkomligen ropar p\u00e5 mig. <\/p>\n<p>Hemma \u00e4r garngarderoben sv\u00e5rst\u00e4ngd.<br \/>\n \u00c4n sen d\u00e5?<br \/>\n Garn har, som tur \u00e4r, inget b\u00e4stf\u00f6re datum.<\/p>\n<p>H\u00e4r kommer lite av vad som \u00e4r p\u00e5 g\u00e5ng.<\/p>\n<p><a href='http:\/\/www.eva.sundstrom.st\/wp-content\/upload\/dsc01090.jpg' title='dsc01090.jpg'><img src='http:\/\/www.eva.sundstrom.st\/wp-content\/upload\/dsc01090.jpg' alt='dsc01090.jpg' \/><\/a><\/p>\n<p> \ud83d\ude42  En gr\u00e5 sjal som stickas i entr\u00e5digt ullgarn med stickor nr6.<\/p>\n<p><a href='http:\/\/www.eva.sundstrom.st\/wp-content\/upload\/dsc01092.jpg' title='dsc01092.jpg'><img src='http:\/\/www.eva.sundstrom.st\/wp-content\/upload\/dsc01092.jpg' alt='dsc01092.jpg' \/><\/a><\/p>\n<p>En sjal i gr\u00f6nt med lite blanka st\u00e4nk. K\u00f6pte vattenskadat garn utan banderoller s\u00e5 jag \u00e4r inte s\u00e4ker p\u00e5 vad det heter. G\u00e5r att tv\u00e4tta i maskin p\u00e5 60 grader s\u00e5 det \u00e4r nog ett bommulsgarn.<\/p>\n<p>Just nu har jag bara en<\/p>\n<p><a href='http:\/\/www.eva.sundstrom.st\/wp-content\/upload\/dsc01093.jpg' title='dsc01093.jpg'><img src='http:\/\/www.eva.sundstrom.st\/wp-content\/upload\/dsc01093.jpg' alt='dsc01093.jpg' \/><\/a><\/p>\n<p>strumpstickning p\u00e5 g\u00e5ng.<\/p>\n<p>Se d\u00e4r d\u00e5 har jag ju bara tre saker p\u00e5 G. Kan det vara tillr\u00e5dligt att starta en fj\u00e4rde.<\/p>\n<p>???????????<br \/>\nDet blev allt lockande.<\/p>\n<p>Fr\u00e5n garn aff\u00e4ren vi bes\u00f6kte slank ju en del nystan ner i mina p\u00e5sar.<\/p>\n<p>Skulle vara roligt att f\u00e5 del av eventuella l\u00e4sares tankar.<br \/>\nVad tror ni.<br \/>\nEn sjal i r\u00f6tt? <\/p>\n<p>Redan bilden, med m\u00f6nstret i en veckotidnin, ropade &#8221;sticka mig, sticka mig&#8221;.<\/p>\n<p><a href='http:\/\/www.eva.sundstrom.st\/wp-content\/upload\/dsc01094.jpg' title='dsc01094.jpg'><img src='http:\/\/www.eva.sundstrom.st\/wp-content\/upload\/dsc01094.jpg' alt='dsc01094.jpg' \/><\/a><\/p>\n<p>Kan redan nu s\u00e4ga att jag inte klarar dagen utan att b\u00f6rja. <\/p>\n<p>S\u00e5 svag \u00e4r jag.<\/p>\n<p>Och s\u00e5 en massa bl\u00e5tt garn<\/p>\n<p><a href='http:\/\/www.eva.sundstrom.st\/wp-content\/upload\/dsc01097.jpg' title='dsc01097.jpg'><img src='http:\/\/www.eva.sundstrom.st\/wp-content\/upload\/dsc01097.jpg' alt='dsc01097.jpg' \/><\/a><\/p>\n<p>Bl\u00e5tt \u00e4r jag alltid svag f\u00f6r och h\u00e4r utlovar jag inget resultat p\u00e5 l\u00e4\u00e4\u00e4\u00e4nnngge!!<\/p>\n<p>Vet att det finns n\u00e5gra som \u00e4r v\u00e4ldigt nyfikna och vet alldeles f\u00f6r mycke av mina planer.<br \/>\nH\u00e4r f\u00e5r ni allt t\u00e5la er.<br \/>\nNjut av det ni tycker om Lev v\u00e4l och M\u00c5 gott.<\/p>\n","protected":false},"excerpt":{"rendered":"<p>Konstig rubrik kanske, men ibland undrar jag om det \u00e4r en alvarlig sjukdom jag lider av. F\u00f6rst ett litet till\u00e4gg till il\u00e4gget 16\/9. Sm\u00e5l\u00e4nskan, f\u00f6r jag tror det \u00e4r en hon, l\u00e4r vara ursprungsplantan,v\u00e4xten, till v\u00e5rkrage\/gemsrot Doronicum orientale. Om jag f\u00f6rt\u00e5tt informationen s\u00e5 \u00e4r nog inte detta helt r\u00e4tt namn p\u00e5 just den h\u00e4r plantan. [&hellip;]<\/p>\n","protected":false},"author":1,"featured_media":0,"comment_status":"open","ping_status":"open","sticky":false,"template":"","format":"standard","meta":{"footnotes":""},"categories":[1],"tags":[],"class_list":["post-344","post","type-post","status-publish","format-standard","hentry","category-uncategorized"],"_links":{"self":[{"href":"https:\/\/eva.sundstrom.st\/index.php?rest_route=\/wp\/v2\/posts\/344","targetHints":{"allow":["GET"]}}],"collection":[{"href":"https:\/\/eva.sundstrom.st\/index.php?rest_route=\/wp\/v2\/posts"}],"about":[{"href":"https:\/\/eva.sundstrom.st\/index.php?rest_route=\/wp\/v2\/types\/post"}],"author":[{"embeddable":true,"href":"https:\/\/eva.sundstrom.st\/index.php?rest_route=\/wp\/v2\/users\/1"}],"replies":[{"embeddable":true,"href":"https:\/\/eva.sundstrom.st\/index.php?rest_route=%2Fwp%2Fv2%2Fcomments&post=344"}],"version-history":[{"count":0,"href":"https:\/\/eva.sundstrom.st\/index.php?rest_route=\/wp\/v2\/posts\/344\/revisions"}],"wp:attachment":[{"href":"https:\/\/eva.sundstrom.st\/index.php?rest_route=%2Fwp%2Fv2%2Fmedia&parent=344"}],"wp:term":[{"taxonomy":"category","embeddable":true,"href":"https:\/\/eva.sundstrom.st\/index.php?rest_route=%2Fwp%2Fv2%2Fcategories&post=344"},{"taxonomy":"post_tag","embeddable":true,"href":"https:\/\/eva.sundstrom.st\/index.php?rest_route=%2Fwp%2Fv2%2Ftags&post=344"}],"curies":[{"name":"wp","href":"https:\/\/api.w.org\/{rel}","templated":true}]}}