{"id":3499,"date":"2013-02-04T16:30:05","date_gmt":"2013-02-04T15:30:05","guid":{"rendered":"http:\/\/www.eva.sundstrom.st\/?p=3499"},"modified":"2013-02-06T18:43:13","modified_gmt":"2013-02-06T17:43:13","slug":"ny-garnaffar-pa-g","status":"publish","type":"post","link":"https:\/\/eva.sundstrom.st\/?p=3499","title":{"rendered":"Ny garnaff\u00e4r p\u00e5 G."},"content":{"rendered":"<p>Alltsedan v\u00e5r k\u00e4ra Ingrid hastigt l\u00e4mnade detta jordelivet och d\u00e4rmed st\u00e4ngde portarna till Garntorpet  har vi saknat en garnaff\u00e4r p\u00e5 n\u00e4ra h\u00e5ll. Jag kan fortfarande stundom sakna Ingrids egen person s\u00e5 otroligt mycket. <\/p>\n<p>F\u00f6r en tid sedan b\u00f6rjade en annan mycket god v\u00e4n till mig smida planer p\u00e5 att starta upp lite f\u00f6rs\u00e4ljning. Planerna har v\u00e4xt och nu \u00e4r hon verkligen p\u00e5 G<\/p>\n<p>Sj\u00e4lva aff\u00e4rslokalen \u00e4r inte riktigt klar \u00e4nnu men hon har f\u00e5tt hem sin f\u00f6rsta leverans.<br \/>\nI dag har tv\u00e5 till stickn\u00f6rdar och jag f\u00e5tt en informell f\u00f6rstahandstitt. <\/p>\n<p>\u00d6nskar dig verkligen lycka till med aff\u00e4ren. Hoppas bli inbjuden p\u00e5 \u00f6ppningsdagen av sj\u00e4lva aff\u00e4ren ocks\u00e5.<\/p>\n<p><a href=\"http:\/\/www.eva.sundstrom.st\/wp-content\/upload\/IMAG0328.jpg\"><img loading=\"lazy\" decoding=\"async\" src=\"http:\/\/www.eva.sundstrom.st\/wp-content\/upload\/IMAG0328-200x300.jpg\" alt=\"\" title=\"IMAG0328\" width=\"200\" height=\"300\" class=\"aligncenter size-medium wp-image-3500\" srcset=\"https:\/\/eva.sundstrom.st\/wp-content\/upload\/IMAG0328-200x300.jpg 200w, https:\/\/eva.sundstrom.st\/wp-content\/upload\/IMAG0328-682x1024.jpg 682w, https:\/\/eva.sundstrom.st\/wp-content\/upload\/IMAG0328.jpg 1728w\" sizes=\"auto, (max-width: 200px) 100vw, 200px\" \/><\/a><\/p>\n<p><a href=\"http:\/\/www.eva.sundstrom.st\/wp-content\/upload\/IMAG0329.jpg\"><img loading=\"lazy\" decoding=\"async\" src=\"http:\/\/www.eva.sundstrom.st\/wp-content\/upload\/IMAG0329-300x200.jpg\" alt=\"\" title=\"IMAG0329\" width=\"300\" height=\"200\" class=\"aligncenter size-medium wp-image-3501\" srcset=\"https:\/\/eva.sundstrom.st\/wp-content\/upload\/IMAG0329-300x200.jpg 300w, https:\/\/eva.sundstrom.st\/wp-content\/upload\/IMAG0329-1024x682.jpg 1024w\" sizes=\"auto, (max-width: 300px) 100vw, 300px\" \/><\/a><\/p>\n<p><a href=\"http:\/\/www.eva.sundstrom.st\/wp-content\/upload\/IMAG0330.jpg\"><img loading=\"lazy\" decoding=\"async\" src=\"http:\/\/www.eva.sundstrom.st\/wp-content\/upload\/IMAG0330-300x200.jpg\" alt=\"\" title=\"IMAG0330\" width=\"300\" height=\"200\" class=\"aligncenter size-medium wp-image-3502\" srcset=\"https:\/\/eva.sundstrom.st\/wp-content\/upload\/IMAG0330-300x200.jpg 300w, https:\/\/eva.sundstrom.st\/wp-content\/upload\/IMAG0330-1024x682.jpg 1024w\" sizes=\"auto, (max-width: 300px) 100vw, 300px\" \/><\/a><\/p>\n<p>Ingen av oss gick tomh\u00e4nt hem.<br \/>\nDetta f\u00f6ljde med mig.<\/p>\n<p><a href=\"http:\/\/www.eva.sundstrom.st\/wp-content\/upload\/SAM_0789-kopia.jpg\"><img loading=\"lazy\" decoding=\"async\" src=\"http:\/\/www.eva.sundstrom.st\/wp-content\/upload\/SAM_0789-kopia-300x228.jpg\" alt=\"\" title=\"SAM_0789 kopia\" width=\"300\" height=\"228\" class=\"aligncenter size-medium wp-image-3504\" srcset=\"https:\/\/eva.sundstrom.st\/wp-content\/upload\/SAM_0789-kopia-300x228.jpg 300w, https:\/\/eva.sundstrom.st\/wp-content\/upload\/SAM_0789-kopia-1024x780.jpg 1024w\" sizes=\"auto, (max-width: 300px) 100vw, 300px\" \/><\/a><\/p>\n<p>Dessutom fick jag med mig en s\u00e4ck med en hel del ull.<br \/>\nSka nu g\u00e5 ut i min lilla stuga och sortera lite av den och forts\u00e4tta karda!<\/p>\n<p>Ber om urs\u00e4kt f\u00f6r de suddiga mobilbilderna. Dom g\u00f6r inte r\u00e4ttvisa \u00e5t f\u00e4rgerna men b\u00e4ttre \u00e4n ingen bild als!<\/p>\n","protected":false},"excerpt":{"rendered":"<p>Alltsedan v\u00e5r k\u00e4ra Ingrid hastigt l\u00e4mnade detta jordelivet och d\u00e4rmed st\u00e4ngde portarna till Garntorpet har vi saknat en garnaff\u00e4r p\u00e5 n\u00e4ra h\u00e5ll. Jag kan fortfarande stundom sakna Ingrids egen person s\u00e5 otroligt mycket. F\u00f6r en tid sedan b\u00f6rjade en annan mycket god v\u00e4n till mig smida planer p\u00e5 att starta upp lite f\u00f6rs\u00e4ljning. Planerna har [&hellip;]<\/p>\n","protected":false},"author":1,"featured_media":0,"comment_status":"open","ping_status":"open","sticky":false,"template":"","format":"standard","meta":{"footnotes":""},"categories":[4],"tags":[],"class_list":["post-3499","post","type-post","status-publish","format-standard","hentry","category-allmant"],"_links":{"self":[{"href":"https:\/\/eva.sundstrom.st\/index.php?rest_route=\/wp\/v2\/posts\/3499","targetHints":{"allow":["GET"]}}],"collection":[{"href":"https:\/\/eva.sundstrom.st\/index.php?rest_route=\/wp\/v2\/posts"}],"about":[{"href":"https:\/\/eva.sundstrom.st\/index.php?rest_route=\/wp\/v2\/types\/post"}],"author":[{"embeddable":true,"href":"https:\/\/eva.sundstrom.st\/index.php?rest_route=\/wp\/v2\/users\/1"}],"replies":[{"embeddable":true,"href":"https:\/\/eva.sundstrom.st\/index.php?rest_route=%2Fwp%2Fv2%2Fcomments&post=3499"}],"version-history":[{"count":5,"href":"https:\/\/eva.sundstrom.st\/index.php?rest_route=\/wp\/v2\/posts\/3499\/revisions"}],"predecessor-version":[{"id":3507,"href":"https:\/\/eva.sundstrom.st\/index.php?rest_route=\/wp\/v2\/posts\/3499\/revisions\/3507"}],"wp:attachment":[{"href":"https:\/\/eva.sundstrom.st\/index.php?rest_route=%2Fwp%2Fv2%2Fmedia&parent=3499"}],"wp:term":[{"taxonomy":"category","embeddable":true,"href":"https:\/\/eva.sundstrom.st\/index.php?rest_route=%2Fwp%2Fv2%2Fcategories&post=3499"},{"taxonomy":"post_tag","embeddable":true,"href":"https:\/\/eva.sundstrom.st\/index.php?rest_route=%2Fwp%2Fv2%2Ftags&post=3499"}],"curies":[{"name":"wp","href":"https:\/\/api.w.org\/{rel}","templated":true}]}}