{"id":351,"date":"2007-09-22T09:27:10","date_gmt":"2007-09-22T08:27:10","guid":{"rendered":"http:\/\/www.eva.sundstrom.st\/?p=351"},"modified":"2007-09-22T09:27:10","modified_gmt":"2007-09-22T08:27:10","slug":"forkylt","status":"publish","type":"post","link":"https:\/\/eva.sundstrom.st\/?p=351","title":{"rendered":"F"},"content":{"rendered":"<p>Host&#8230;host&#8230;snyt&#8230;snyt<\/p>\n<p>H\u00e4r \u00e4r det l\u00e5gt vill jag lova.<\/p>\n<p>Hemma fr\u00e5n jobbet.<br \/>\nS\u00f6rjer att jag  inte orkar ut och ta vara p\u00e5 det frostgubben inte gjort slut p\u00e5.<\/p>\n<p>F\u00f6rhoppningsvis \u00e4r det p\u00e5 r\u00e4tt v\u00e4g i alla fall f\u00f6r  det b\u00f6rjar vara roligt att sticka igen.<br \/>\nMaken,som ocks\u00e5 varit sjuk och hemma, m\u00e5r b\u00e4ttre och har tagit en tur till n\u00e4rmaste st\u00f6rre samh\u00e4lle. Med sig hem hoppas jag han har en f\u00e4rgpatron som jag best\u00e4llde f\u00f6rra veckan.<\/p>\n<p>D\u00e5 kan jag sitta h\u00e4r och roa mig med att skriva ut kort. <\/p>\n<p>Skickar med en bild p\u00e5 en vy jag g\u00e4rna minns nu n\u00e4r h\u00f6sten \u00e4r h\u00e4r och vintern st\u00e5r bakom knuten.<\/p>\n<p><a href='http:\/\/www.eva.sundstrom.st\/wp-content\/upload\/dsc00377.jpg' title='dsc00377.jpg'><img src='http:\/\/www.eva.sundstrom.st\/wp-content\/upload\/dsc00377.jpg' alt='dsc00377.jpg' \/><\/a><\/p>\n<p>Detta ser jag fr\u00e5n altanen sommartid.<\/p>\n<p>Hoppas ni alla m\u00e5r bra och slipper detta el\u00e4nde.<\/p>\n<p>Vi h\u00f6rs&#8230;&#8230;&#8230;&#8230;..<\/p>\n","protected":false},"excerpt":{"rendered":"<p>Host&#8230;host&#8230;snyt&#8230;snyt H\u00e4r \u00e4r det l\u00e5gt vill jag lova. Hemma fr\u00e5n jobbet. S\u00f6rjer att jag inte orkar ut och ta vara p\u00e5 det frostgubben inte gjort slut p\u00e5. F\u00f6rhoppningsvis \u00e4r det p\u00e5 r\u00e4tt v\u00e4g i alla fall f\u00f6r det b\u00f6rjar vara roligt att sticka igen. Maken,som ocks\u00e5 varit sjuk och hemma, m\u00e5r b\u00e4ttre och har tagit [&hellip;]<\/p>\n","protected":false},"author":1,"featured_media":0,"comment_status":"open","ping_status":"open","sticky":false,"template":"","format":"standard","meta":{"footnotes":""},"categories":[1],"tags":[],"class_list":["post-351","post","type-post","status-publish","format-standard","hentry","category-uncategorized"],"_links":{"self":[{"href":"https:\/\/eva.sundstrom.st\/index.php?rest_route=\/wp\/v2\/posts\/351","targetHints":{"allow":["GET"]}}],"collection":[{"href":"https:\/\/eva.sundstrom.st\/index.php?rest_route=\/wp\/v2\/posts"}],"about":[{"href":"https:\/\/eva.sundstrom.st\/index.php?rest_route=\/wp\/v2\/types\/post"}],"author":[{"embeddable":true,"href":"https:\/\/eva.sundstrom.st\/index.php?rest_route=\/wp\/v2\/users\/1"}],"replies":[{"embeddable":true,"href":"https:\/\/eva.sundstrom.st\/index.php?rest_route=%2Fwp%2Fv2%2Fcomments&post=351"}],"version-history":[{"count":0,"href":"https:\/\/eva.sundstrom.st\/index.php?rest_route=\/wp\/v2\/posts\/351\/revisions"}],"wp:attachment":[{"href":"https:\/\/eva.sundstrom.st\/index.php?rest_route=%2Fwp%2Fv2%2Fmedia&parent=351"}],"wp:term":[{"taxonomy":"category","embeddable":true,"href":"https:\/\/eva.sundstrom.st\/index.php?rest_route=%2Fwp%2Fv2%2Fcategories&post=351"},{"taxonomy":"post_tag","embeddable":true,"href":"https:\/\/eva.sundstrom.st\/index.php?rest_route=%2Fwp%2Fv2%2Ftags&post=351"}],"curies":[{"name":"wp","href":"https:\/\/api.w.org\/{rel}","templated":true}]}}