{"id":3522,"date":"2013-02-13T14:44:09","date_gmt":"2013-02-13T13:44:09","guid":{"rendered":"http:\/\/www.eva.sundstrom.st\/?p=3522"},"modified":"2013-02-13T14:44:09","modified_gmt":"2013-02-13T13:44:09","slug":"solen-skiner-i-dag","status":"publish","type":"post","link":"https:\/\/eva.sundstrom.st\/?p=3522","title":{"rendered":"Solen skiner i dag"},"content":{"rendered":"<p>Det \u00e4r str\u00e5lande v\u00e4der.<br \/>\nSom gjort f\u00f6r en l\u00e5ngpromenad.<br \/>\nNu blir det ingen promenad als h\u00e4r i dag.<br \/>\nF\u00f6rkylning och hosta har bitit sig fast. K\u00e4nns \u00e4nd\u00e5 lite b\u00e4ttre i dag och jag tror solljuset g\u00f6r en hel del.<br \/>\nHar faktiskt orkat stick n\u00e5gra varv i dag p\u00e5 Js pippitr\u00f6ja<\/p>\n<p><a href=\"http:\/\/www.eva.sundstrom.st\/wp-content\/upload\/SAM_0805.jpg\"><img loading=\"lazy\" decoding=\"async\" src=\"http:\/\/www.eva.sundstrom.st\/wp-content\/upload\/SAM_0805-300x168.jpg\" alt=\"\" title=\"SAM_0805\" width=\"300\" height=\"168\" class=\"aligncenter size-medium wp-image-3523\" srcset=\"https:\/\/eva.sundstrom.st\/wp-content\/upload\/SAM_0805-300x168.jpg 300w, https:\/\/eva.sundstrom.st\/wp-content\/upload\/SAM_0805-1024x576.jpg 1024w\" sizes=\"auto, (max-width: 300px) 100vw, 300px\" \/><\/a><\/p>\n<p>F\u00f6r \u00f6vrigt f\u00e5r jag n\u00f6ja mig med att titta p\u00e5 det vackra v\u00e4dret genom f\u00f6nstret och njuta av en bl\u00e5 himmel!<\/p>\n<p><a href=\"http:\/\/www.eva.sundstrom.st\/wp-content\/upload\/DSC07841.jpg\"><img loading=\"lazy\" decoding=\"async\" src=\"http:\/\/www.eva.sundstrom.st\/wp-content\/upload\/DSC07841-300x259.jpg\" alt=\"\" title=\"DSC07841\" width=\"300\" height=\"259\" class=\"aligncenter size-medium wp-image-3525\" srcset=\"https:\/\/eva.sundstrom.st\/wp-content\/upload\/DSC07841-300x259.jpg 300w, https:\/\/eva.sundstrom.st\/wp-content\/upload\/DSC07841-1024x885.jpg 1024w\" sizes=\"auto, (max-width: 300px) 100vw, 300px\" \/><\/a><\/p>\n","protected":false},"excerpt":{"rendered":"<p>Det \u00e4r str\u00e5lande v\u00e4der. Som gjort f\u00f6r en l\u00e5ngpromenad. Nu blir det ingen promenad als h\u00e4r i dag. F\u00f6rkylning och hosta har bitit sig fast. K\u00e4nns \u00e4nd\u00e5 lite b\u00e4ttre i dag och jag tror solljuset g\u00f6r en hel del. Har faktiskt orkat stick n\u00e5gra varv i dag p\u00e5 Js pippitr\u00f6ja F\u00f6r \u00f6vrigt f\u00e5r jag n\u00f6ja [&hellip;]<\/p>\n","protected":false},"author":1,"featured_media":0,"comment_status":"open","ping_status":"open","sticky":false,"template":"","format":"standard","meta":{"footnotes":""},"categories":[9],"tags":[],"class_list":["post-3522","post","type-post","status-publish","format-standard","hentry","category-livet"],"_links":{"self":[{"href":"https:\/\/eva.sundstrom.st\/index.php?rest_route=\/wp\/v2\/posts\/3522","targetHints":{"allow":["GET"]}}],"collection":[{"href":"https:\/\/eva.sundstrom.st\/index.php?rest_route=\/wp\/v2\/posts"}],"about":[{"href":"https:\/\/eva.sundstrom.st\/index.php?rest_route=\/wp\/v2\/types\/post"}],"author":[{"embeddable":true,"href":"https:\/\/eva.sundstrom.st\/index.php?rest_route=\/wp\/v2\/users\/1"}],"replies":[{"embeddable":true,"href":"https:\/\/eva.sundstrom.st\/index.php?rest_route=%2Fwp%2Fv2%2Fcomments&post=3522"}],"version-history":[{"count":3,"href":"https:\/\/eva.sundstrom.st\/index.php?rest_route=\/wp\/v2\/posts\/3522\/revisions"}],"predecessor-version":[{"id":3527,"href":"https:\/\/eva.sundstrom.st\/index.php?rest_route=\/wp\/v2\/posts\/3522\/revisions\/3527"}],"wp:attachment":[{"href":"https:\/\/eva.sundstrom.st\/index.php?rest_route=%2Fwp%2Fv2%2Fmedia&parent=3522"}],"wp:term":[{"taxonomy":"category","embeddable":true,"href":"https:\/\/eva.sundstrom.st\/index.php?rest_route=%2Fwp%2Fv2%2Fcategories&post=3522"},{"taxonomy":"post_tag","embeddable":true,"href":"https:\/\/eva.sundstrom.st\/index.php?rest_route=%2Fwp%2Fv2%2Ftags&post=3522"}],"curies":[{"name":"wp","href":"https:\/\/api.w.org\/{rel}","templated":true}]}}