{"id":353,"date":"2007-09-27T11:11:12","date_gmt":"2007-09-27T10:11:12","guid":{"rendered":"http:\/\/www.eva.sundstrom.st\/?p=353"},"modified":"2007-11-01T09:02:24","modified_gmt":"2007-11-01T08:02:24","slug":"fardigstickat-hostpromenad-och-tradgardrensning","status":"publish","type":"post","link":"https:\/\/eva.sundstrom.st\/?p=353","title":{"rendered":"F"},"content":{"rendered":"\n<p>K\u00f6pte ju en massa garn h\u00e4rom veckan.<br \/>\n Det r\u00f6da garnen som skulle bil en sjal kunde jag nu inte l\u00e5ta bli n\u00e5gon l\u00e4ngre tid  s\u00e5 h\u00e4r \u00e4r den.<\/p>\n<p><a href='http:\/\/www.eva.sundstrom.st\/wp-content\/upload\/dsc01212.jpg' title='dsc01212.jpg'><img src='http:\/\/www.eva.sundstrom.st\/wp-content\/upload\/dsc01212.jpg' alt='dsc01212.jpg' \/><\/a><\/p>\n<p>S\u00e4kert finns det n\u00e5gon som  tycker f\u00e4rgkombinationen \u00e4r fel.<br \/>\nVar sj\u00e4lv inte s\u00e4ker fr\u00e5n b\u00f6rjan men nu tycker jag om den sedan f\u00e5r vi se om det finns n\u00e5gon mer som g\u00f6r det.<\/p>\n<p>&#8230;..<\/p>\n<p>Sampa gubben &#8230;..      <a href='http:\/\/www.eva.sundstrom.st\/wp-content\/upload\/dsc00367.jpg' title='dsc00367.jpg'><img src='http:\/\/www.eva.sundstrom.st\/wp-content\/upload\/dsc00367.tumnagel.jpg' alt='dsc00367.jpg' \/><\/a>..(klickbar bild)<\/p>\n<p>\u00e4r p\u00e5 bes\u00f6k  s\u00e5 nu blir det morgonpromenader igen.<br \/>\nHittade n\u00e5gra Bl\u00e5klockor som k\u00e4mpar p\u00e5 i h\u00f6strusket.<\/p>\n<p><a href='http:\/\/www.eva.sundstrom.st\/wp-content\/upload\/dsc01197.jpg' title='dsc01197.jpg'><img src='http:\/\/www.eva.sundstrom.st\/wp-content\/upload\/dsc01197.jpg' alt='dsc01197.jpg' \/><\/a><\/p>\n<p>Den h\u00e4r stigen tycker vi om att g\u00e5, b\u00e5de hunden och jag.<\/p>\n<p><a href='http:\/\/www.eva.sundstrom.st\/wp-content\/upload\/dsc01200.jpg' title='dsc01200.jpg'><img src='http:\/\/www.eva.sundstrom.st\/wp-content\/upload\/dsc01200.jpg' alt='dsc01200.jpg' \/><\/a><\/p>\n<p>S\u00e5 kom vi hem igen.<br \/>\nEftersom v\u00e4dret nu var fint, efter nattens regn,  s\u00e5 b\u00f6rjade jag st\u00e4da i rabatten. N\u00e4r jag klippt bor gammal pion kom detta nya skott p\u00e5 bolltisteln fram.<\/p>\n<p><a href='http:\/\/www.eva.sundstrom.st\/wp-content\/upload\/dsc01218.jpg' title='dsc01218.jpg'><img src='http:\/\/www.eva.sundstrom.st\/wp-content\/upload\/dsc01218.jpg' alt='dsc01218.jpg' \/><\/a><\/p>\n<p>Ska den hinna v\u00e4xa ut?<br \/>\nDen h\u00e4r kom fr\u00e5n sm\u00e5lan f\u00f6r n\u00e5got \u00e5r sedan och den nya lilla sm\u00e5l\u00e4nningen som kom nu i h\u00f6st verkar ju trivas i v\u00e5r tr\u00e4dg\u00e5rd.<\/p>\n<p><a href='http:\/\/www.eva.sundstrom.st\/wp-content\/upload\/dsc01191.jpg' title='dsc01191.jpg'><img src='http:\/\/www.eva.sundstrom.st\/wp-content\/upload\/dsc01191.jpg' alt='dsc01191.jpg' \/><\/a><\/p>\n<p>Har satt in den i v\u00e4xthuset s\u00e5 f\u00e5r vi se om den orkar sl\u00e5 ut. Den ser livskraftig ut s\u00e5 det g\u00e5r nog bra.<\/p>\n<p>S\u00e5 m\u00e5ste jag bara visa en planta jag k\u00f6pte i v\u00e5ras.<br \/>\nTror den hette sn\u00f6sj\u00e4rna.<br \/>\nDen blev st\u00e5ende i v\u00e4xthuset och efter ett tag n\u00e4ndes jag inte flytta den.<br \/>\nDen v\u00e4xte o v\u00e4xte och ser ut s\u00e5 h\u00e4r fortfarande.<\/p>\n<p><a href='http:\/\/www.eva.sundstrom.st\/wp-content\/upload\/dsc01193.jpg' title='dsc01193.jpg'><img src='http:\/\/www.eva.sundstrom.st\/wp-content\/upload\/dsc01193.jpg' alt='dsc01193.jpg' \/><\/a><\/p>\n<p>Den har varit \u00f6vers\u00e5llad med vita stj\u00e4rnor hela sommaren.<\/p>\n<p>Kunde inte l\u00e5ta bil att f\u00f6reviga ytterligare en ranukel som r\u00e5djuren missade<\/p>\n<p>\ud83d\ude42<\/p>\n<p><a href='http:\/\/www.eva.sundstrom.st\/wp-content\/upload\/dsc01215.jpg' title='dsc01215.jpg'><img src='http:\/\/www.eva.sundstrom.st\/wp-content\/upload\/dsc01215.jpg' alt='dsc01215.jpg' \/><\/a><\/p>\n<p>Och en liten H\u00f6stasterblomma<\/p>\n<p><a href='http:\/\/www.eva.sundstrom.st\/wp-content\/upload\/dsc01204.jpg' title='dsc01204.jpg'><img src='http:\/\/www.eva.sundstrom.st\/wp-content\/upload\/dsc01204.jpg' alt='dsc01204.jpg' \/><\/a><\/p>\n<p>Ont i kn\u00e4na igen men t\u00e4nkte mig en rensningstur i tr\u00e4dg\u00e5ren innan det \u00e4r dax att stassa om f\u00f6r kv\u00e4llsjobb.<br \/>\nVi h\u00f6rs.<\/p>\n","protected":false},"excerpt":{"rendered":"<p>K\u00f6pte ju en massa garn h\u00e4rom veckan. Det r\u00f6da garnen som skulle bil en sjal kunde jag nu inte l\u00e5ta bli n\u00e5gon l\u00e4ngre tid s\u00e5 h\u00e4r \u00e4r den. S\u00e4kert finns det n\u00e5gon som tycker f\u00e4rgkombinationen \u00e4r fel. Var sj\u00e4lv inte s\u00e4ker fr\u00e5n b\u00f6rjan men nu tycker jag om den sedan f\u00e5r vi se om det [&hellip;]<\/p>\n","protected":false},"author":1,"featured_media":0,"comment_status":"open","ping_status":"open","sticky":false,"template":"","format":"standard","meta":{"footnotes":""},"categories":[1],"tags":[],"class_list":["post-353","post","type-post","status-publish","format-standard","hentry","category-uncategorized"],"_links":{"self":[{"href":"https:\/\/eva.sundstrom.st\/index.php?rest_route=\/wp\/v2\/posts\/353","targetHints":{"allow":["GET"]}}],"collection":[{"href":"https:\/\/eva.sundstrom.st\/index.php?rest_route=\/wp\/v2\/posts"}],"about":[{"href":"https:\/\/eva.sundstrom.st\/index.php?rest_route=\/wp\/v2\/types\/post"}],"author":[{"embeddable":true,"href":"https:\/\/eva.sundstrom.st\/index.php?rest_route=\/wp\/v2\/users\/1"}],"replies":[{"embeddable":true,"href":"https:\/\/eva.sundstrom.st\/index.php?rest_route=%2Fwp%2Fv2%2Fcomments&post=353"}],"version-history":[{"count":0,"href":"https:\/\/eva.sundstrom.st\/index.php?rest_route=\/wp\/v2\/posts\/353\/revisions"}],"wp:attachment":[{"href":"https:\/\/eva.sundstrom.st\/index.php?rest_route=%2Fwp%2Fv2%2Fmedia&parent=353"}],"wp:term":[{"taxonomy":"category","embeddable":true,"href":"https:\/\/eva.sundstrom.st\/index.php?rest_route=%2Fwp%2Fv2%2Fcategories&post=353"},{"taxonomy":"post_tag","embeddable":true,"href":"https:\/\/eva.sundstrom.st\/index.php?rest_route=%2Fwp%2Fv2%2Ftags&post=353"}],"curies":[{"name":"wp","href":"https:\/\/api.w.org\/{rel}","templated":true}]}}