{"id":363,"date":"2007-10-03T11:31:33","date_gmt":"2007-10-03T10:31:33","guid":{"rendered":"http:\/\/www.eva.sundstrom.st\/?p=363"},"modified":"2007-10-03T11:31:33","modified_gmt":"2007-10-03T10:31:33","slug":"vatten-over-huvudet","status":"publish","type":"post","link":"https:\/\/eva.sundstrom.st\/?p=363","title":{"rendered":"Vatten"},"content":{"rendered":"\n<p>Hej igen.<\/p>\n<p>Tackar s\u00e5 mycke f\u00f6r alla st\u00e4rkande kommentarer om min r\u00f6da sjal.<br \/>\nNu k\u00e4nns det helt r\u00e4tt att jag valde f\u00e4rger som stod i m\u00f6nstret.<\/p>\n<p>Har inte skrivit p\u00e5 n\u00e5gra dagar. Har liksom inte kunnat samla ihop mig.<br \/>\n P\u00e5 jobbet har jag f\u00e5tt en ny uppgift en dag i veckan. Ska f\u00f6rs\u00f6ka f\u00e5 ig\u00e5ng lite mer aktiviteter p\u00e5 de olika avdelningarna.<\/p>\n<p>Vill s\u00e5 mycke men ibland tvivlar jag p\u00e5 att jag ska kunna ro det hela i land.<\/p>\n<p>Nu till n\u00e5got helt annat.<\/p>\n<p>Under helgen hade vi bes\u00f6k av det lilla vilddjuret.<\/p>\n<p>  \ud83d\ude42<\/p>\n<p><a href='http:\/\/www.eva.sundstrom.st\/wp-content\/upload\/dsc01240.jpg' title='dsc01240.jpg'><img src='http:\/\/www.eva.sundstrom.st\/wp-content\/upload\/dsc01240.jpg' alt='dsc01240.jpg' \/><\/a><\/p>\n<p>Dom h\u00e4r bilderna \u00e4r mestadels suddiga. Den lille parveln \u00e4r n\u00e4stan aldrig stilla. Han \u00e4r envis till tusen. Aldeles f\u00f6r s\u00f6t f\u00f6r sitt eget b\u00e4sta och helt underbart go.<\/p>\n<p>Sampa gubben var ju redan h\u00e4r och han \u00e4r s\u00e5 sn\u00e4ll och t\u00e5lig. Den &#8221;lille&#8221; var p\u00e5 honom i ett och Sampa har ett minspel som visar suck och pust s\u00e5 jobbiga sm\u00e5ungar \u00e4r men han har l\u00e5\u00e5gt t\u00e5lamod.<\/p>\n<p><a href='http:\/\/www.eva.sundstrom.st\/wp-content\/upload\/dsc01223.jpg' title='dsc01223.jpg'><img src='http:\/\/www.eva.sundstrom.st\/wp-content\/upload\/dsc01223.jpg' alt='dsc01223.jpg' \/><\/a><\/p>\n<p>F\u00f6rhoppningsvis s\u00e4ger han ifr\u00e5n s\u00e5 sm\u00e5ningom.<\/p>\n<p>Den h\u00e4r lilla damen som ju \u00e4r \u00e4ldst i g\u00e5rden<\/p>\n<p><a href='http:\/\/www.eva.sundstrom.st\/wp-content\/upload\/dsc01233.jpg' title='dsc01233.jpg'><img src='http:\/\/www.eva.sundstrom.st\/wp-content\/upload\/dsc01233.jpg' alt='dsc01233.jpg' \/><\/a><\/p>\n<p>talade i klartext om f\u00f6r lillen vad som g\u00e4ller. Han ville nog inte riktigt f\u00f6rst\u00e5 men han gick inte upp till henne d\u00e4r hon l\u00e5g p\u00e5 betryggande avst\u00e5nd i trappen.<\/p>\n<p>Sampa h\u00e4mtades av husse och \u00e5kte hem i l\u00f6rdags.<br \/>\nP\u00e5 s\u00f6ndag em kom vildingens husse fr\u00e5n sm\u00e5land och tog med b\u00e5de honom och matte.<\/p>\n<p>Med sig fr\u00e5n sm\u00e5land hade han f\u00e4rsk sill.  Jag skickar tack till Herr R som fiskat.<br \/>\nVi fick ett gott m\u00e5l mat  i m\u00e5ndags. Ett par portioner till frysen.<br \/>\nN\u00e5gra bitar som blev kvar \u00e4r j\u00e4ttegott p\u00e5 sm\u00f6rg\u00e5s.<\/p>\n<p><a href='http:\/\/www.eva.sundstrom.st\/wp-content\/upload\/dsc01245.jpg' title='dsc01245.jpg'><img src='http:\/\/www.eva.sundstrom.st\/wp-content\/upload\/dsc01245.jpg' alt='dsc01245.jpg' \/><\/a><\/p>\n<p>Fick en riktitgt god mellanm\u00e5lsmacka i dag.<\/p>\n<p>Har bakat tekakor igen.<br \/>\nDenna g\u00e5ng med r\u00f6da linser, havregryn, \u00e4pple, morot, och solrosfr\u00f6n.<\/p>\n<p>        \ud83d\ude42   \ud83d\ude42<\/p>\n<p><a href='http:\/\/www.eva.sundstrom.st\/wp-content\/upload\/dsc01248.jpg' title='dsc01248.jpg'><img src='http:\/\/www.eva.sundstrom.st\/wp-content\/upload\/dsc01248.jpg' alt='dsc01248.jpg' \/><\/a><\/p>\n<p>Purf\u00e4rska var det iallafall gott.<br \/>\nS\u00e5 har jag blivit taggad av <a href=\"http:\/\/ingerf.blogspot.com\/\">Inger F<\/a> <\/p>\n<p>Sanningar om mig sj\u00e4lv????????<br \/>\nVanor och ovanor  ligger ganska n\u00e4ra. F\u00e5r fundera lite om jag kommer p\u00e5 n\u00e5got.<\/p>\n<p> Ha en fin h\u00f6st dag.<\/p>\n","protected":false},"excerpt":{"rendered":"<p>Hej igen. Tackar s\u00e5 mycke f\u00f6r alla st\u00e4rkande kommentarer om min r\u00f6da sjal. Nu k\u00e4nns det helt r\u00e4tt att jag valde f\u00e4rger som stod i m\u00f6nstret. Har inte skrivit p\u00e5 n\u00e5gra dagar. Har liksom inte kunnat samla ihop mig. P\u00e5 jobbet har jag f\u00e5tt en ny uppgift en dag i veckan. Ska f\u00f6rs\u00f6ka f\u00e5 ig\u00e5ng [&hellip;]<\/p>\n","protected":false},"author":1,"featured_media":0,"comment_status":"open","ping_status":"open","sticky":false,"template":"","format":"standard","meta":{"footnotes":""},"categories":[1],"tags":[],"class_list":["post-363","post","type-post","status-publish","format-standard","hentry","category-uncategorized"],"_links":{"self":[{"href":"https:\/\/eva.sundstrom.st\/index.php?rest_route=\/wp\/v2\/posts\/363","targetHints":{"allow":["GET"]}}],"collection":[{"href":"https:\/\/eva.sundstrom.st\/index.php?rest_route=\/wp\/v2\/posts"}],"about":[{"href":"https:\/\/eva.sundstrom.st\/index.php?rest_route=\/wp\/v2\/types\/post"}],"author":[{"embeddable":true,"href":"https:\/\/eva.sundstrom.st\/index.php?rest_route=\/wp\/v2\/users\/1"}],"replies":[{"embeddable":true,"href":"https:\/\/eva.sundstrom.st\/index.php?rest_route=%2Fwp%2Fv2%2Fcomments&post=363"}],"version-history":[{"count":0,"href":"https:\/\/eva.sundstrom.st\/index.php?rest_route=\/wp\/v2\/posts\/363\/revisions"}],"wp:attachment":[{"href":"https:\/\/eva.sundstrom.st\/index.php?rest_route=%2Fwp%2Fv2%2Fmedia&parent=363"}],"wp:term":[{"taxonomy":"category","embeddable":true,"href":"https:\/\/eva.sundstrom.st\/index.php?rest_route=%2Fwp%2Fv2%2Fcategories&post=363"},{"taxonomy":"post_tag","embeddable":true,"href":"https:\/\/eva.sundstrom.st\/index.php?rest_route=%2Fwp%2Fv2%2Ftags&post=363"}],"curies":[{"name":"wp","href":"https:\/\/api.w.org\/{rel}","templated":true}]}}