{"id":3665,"date":"2013-05-25T20:24:25","date_gmt":"2013-05-25T19:24:25","guid":{"rendered":"http:\/\/www.eva.sundstrom.st\/?p=3665"},"modified":"2013-05-25T20:24:25","modified_gmt":"2013-05-25T19:24:25","slug":"maste-bara-fa-dela","status":"publish","type":"post","link":"https:\/\/eva.sundstrom.st\/?p=3665","title":{"rendered":"M\u00e5ste bara f\u00e5 dela!"},"content":{"rendered":"<p>F\u00f6r mig har det varit en helt vanlig men helt underbar dag i dag!<br \/>\nVill dela n\u00e5gra av alla fina saker som f\u00e5ngat mig och liksom satt avtryck i sj\u00e4len.<br \/>\nS\u00e5dana minnen som man kan plocka fram och k\u00e4nna att livet \u00e4r just nu och h\u00e4r \u00e4r fint.<\/p>\n<p><a href=\"http:\/\/www.eva.sundstrom.st\/wp-content\/upload\/IMAG0396.jpg\"><img loading=\"lazy\" decoding=\"async\" src=\"http:\/\/www.eva.sundstrom.st\/wp-content\/upload\/IMAG0396-300x200.jpg\" alt=\"\" title=\"IMAG0396\" width=\"300\" height=\"200\" class=\"aligncenter size-medium wp-image-3666\" srcset=\"https:\/\/eva.sundstrom.st\/wp-content\/upload\/IMAG0396-300x200.jpg 300w, https:\/\/eva.sundstrom.st\/wp-content\/upload\/IMAG0396-1024x682.jpg 1024w\" sizes=\"auto, (max-width: 300px) 100vw, 300px\" \/><\/a><\/p>\n<p>N\u00e4r dessa (gl\u00f6mt namnet) vacert gula, lysande som solen, d\u00f6k upp i dikeskanten var jag bara tvungen att stanna bilen och f\u00f6reviga. Hade bara mobilen med men det blev ju ett minne \u00e4nd\u00e5<\/p>\n<p>Den h\u00e4r b\u00e4cken har lockat mig m\u00e5nga g\u00e5nger och n\u00e4r jag nu \u00e4nd\u00e5 var ig\u00e5ng och p\u00e5 det hum\u00f6ret s\u00e5 stannade jag \u00e4nnu en g\u00e5ng.<\/p>\n<p><a href=\"http:\/\/www.eva.sundstrom.st\/wp-content\/upload\/IMAG0397.jpg\"><img loading=\"lazy\" decoding=\"async\" src=\"http:\/\/www.eva.sundstrom.st\/wp-content\/upload\/IMAG0397-200x300.jpg\" alt=\"\" title=\"IMAG0397\" width=\"200\" height=\"300\" class=\"aligncenter size-medium wp-image-3667\" srcset=\"https:\/\/eva.sundstrom.st\/wp-content\/upload\/IMAG0397-200x300.jpg 200w, https:\/\/eva.sundstrom.st\/wp-content\/upload\/IMAG0397-682x1024.jpg 682w, https:\/\/eva.sundstrom.st\/wp-content\/upload\/IMAG0397.jpg 1728w\" sizes=\"auto, (max-width: 200px) 100vw, 200px\" \/><\/a><\/p>\n<p>Och s\u00e5 kommer \u00e4ppeltr\u00e4den med sina blommor<\/p>\n<p><a href=\"http:\/\/www.eva.sundstrom.st\/wp-content\/upload\/DSC07955.jpg\"><img loading=\"lazy\" decoding=\"async\" src=\"http:\/\/www.eva.sundstrom.st\/wp-content\/upload\/DSC07955-300x225.jpg\" alt=\"\" title=\"DSC07955\" width=\"300\" height=\"225\" class=\"aligncenter size-medium wp-image-3668\" srcset=\"https:\/\/eva.sundstrom.st\/wp-content\/upload\/DSC07955-300x225.jpg 300w, https:\/\/eva.sundstrom.st\/wp-content\/upload\/DSC07955-1024x768.jpg 1024w\" sizes=\"auto, (max-width: 300px) 100vw, 300px\" \/><\/a><\/p>\n<p>Och nu i denna stund kl.21,20 25\/5 2013 sitter jag p\u00e5 v\u00e5r inglasade altan och njuter av f\u00f6rsommarkv\u00e4llen. <\/p>\n<p>Glad att f\u00e5 leva&#8230;.<\/p>\n","protected":false},"excerpt":{"rendered":"<p>F\u00f6r mig har det varit en helt vanlig men helt underbar dag i dag! Vill dela n\u00e5gra av alla fina saker som f\u00e5ngat mig och liksom satt avtryck i sj\u00e4len. S\u00e5dana minnen som man kan plocka fram och k\u00e4nna att livet \u00e4r just nu och h\u00e4r \u00e4r fint. N\u00e4r dessa (gl\u00f6mt namnet) vacert gula, lysande [&hellip;]<\/p>\n","protected":false},"author":1,"featured_media":0,"comment_status":"open","ping_status":"open","sticky":false,"template":"","format":"standard","meta":{"footnotes":""},"categories":[9],"tags":[],"class_list":["post-3665","post","type-post","status-publish","format-standard","hentry","category-livet"],"_links":{"self":[{"href":"https:\/\/eva.sundstrom.st\/index.php?rest_route=\/wp\/v2\/posts\/3665","targetHints":{"allow":["GET"]}}],"collection":[{"href":"https:\/\/eva.sundstrom.st\/index.php?rest_route=\/wp\/v2\/posts"}],"about":[{"href":"https:\/\/eva.sundstrom.st\/index.php?rest_route=\/wp\/v2\/types\/post"}],"author":[{"embeddable":true,"href":"https:\/\/eva.sundstrom.st\/index.php?rest_route=\/wp\/v2\/users\/1"}],"replies":[{"embeddable":true,"href":"https:\/\/eva.sundstrom.st\/index.php?rest_route=%2Fwp%2Fv2%2Fcomments&post=3665"}],"version-history":[{"count":2,"href":"https:\/\/eva.sundstrom.st\/index.php?rest_route=\/wp\/v2\/posts\/3665\/revisions"}],"predecessor-version":[{"id":3670,"href":"https:\/\/eva.sundstrom.st\/index.php?rest_route=\/wp\/v2\/posts\/3665\/revisions\/3670"}],"wp:attachment":[{"href":"https:\/\/eva.sundstrom.st\/index.php?rest_route=%2Fwp%2Fv2%2Fmedia&parent=3665"}],"wp:term":[{"taxonomy":"category","embeddable":true,"href":"https:\/\/eva.sundstrom.st\/index.php?rest_route=%2Fwp%2Fv2%2Fcategories&post=3665"},{"taxonomy":"post_tag","embeddable":true,"href":"https:\/\/eva.sundstrom.st\/index.php?rest_route=%2Fwp%2Fv2%2Ftags&post=3665"}],"curies":[{"name":"wp","href":"https:\/\/api.w.org\/{rel}","templated":true}]}}