{"id":371,"date":"2007-10-08T07:23:46","date_gmt":"2007-10-08T06:23:46","guid":{"rendered":"http:\/\/www.eva.sundstrom.st\/?p=371"},"modified":"2007-10-08T07:23:46","modified_gmt":"2007-10-08T06:23:46","slug":"mandag-morron","status":"publish","type":"post","link":"https:\/\/eva.sundstrom.st\/?p=371","title":{"rendered":"M"},"content":{"rendered":"<p>Ledig dag som ser ut att bjuda p\u00e5 vackert v\u00e4der.<\/p>\n<p><a href='http:\/\/www.eva.sundstrom.st\/wp-content\/upload\/dsc01253.jpg' title='dsc01253.jpg'><img src='http:\/\/www.eva.sundstrom.st\/wp-content\/upload\/dsc01253.jpg' alt='dsc01253.jpg' \/><\/a><\/p>\n<p>Den sm\u00e5l\u00e4nska v\u00e5rkragen har slagit ut.<\/p>\n<p>Bjuder i dag p\u00e5 lite bilder fr\u00e5n tr\u00e4dg\u00e5rden som jag tagit och inte kunnat visa p\u00e5 grund av att bloggen  kr\u00e5nglade. Nu verkar ju allt fungera igen.<\/p>\n<p><a href='http:\/\/www.eva.sundstrom.st\/wp-content\/upload\/dsc01251.jpg' title='dsc01251.jpg'><img src='http:\/\/www.eva.sundstrom.st\/wp-content\/upload\/dsc01251.jpg' alt='dsc01251.jpg' \/><\/a><\/p>\n<p>Den h\u00e4r ranukelst\u00e4llningen fick ocks\u00e5 blomma ut. Det \u00e4r den andra som r\u00e5djuren missat.<br \/>\nVad dom inte missade var Sommarmalvan. <\/p>\n<p>S\u00e5dde sent. Nu var det fina knoppar som jag r\u00e4knade med skulle sl\u00e5 ut om det blev lite vackert v\u00e4der.<\/p>\n<p>Det blev vacker v\u00e4der. I fredags fick jag lust att byta gardiner i k\u00f6ket och st\u00e4da lite mera gundligt.<\/p>\n<p>(OK d\u00e4r har vi en sanning om mig om nu sanningen ska fram. Blev ju taggad av Inger F om sanningar. f\u00e5r f\u00f6rs\u00f6ka komma ih\u00e5g nu och se om jag f\u00e5r ihop n\u00e5gra)<\/p>\n<p>N\u00e4r allt var klart tog jag kameran med mig och gick ut. Nu skulle det plockas lite blommor att s\u00e4tta in. Av det vackra v\u00e4dret borde malvan var fin nu. Den tar jag, men nej, en enda liten nafsad del fanns kvar. Alla andra knoppar var borta.<br \/>\nSm\u00e5 sp\u00e5r i jorden talade sitt tydliga spr\u00e5k.   \ud83d\ude41<\/p>\n<p>Det fick bli lite h\u00f6stastrar i st\u00e4llet<\/p>\n<p><a href='http:\/\/www.eva.sundstrom.st\/wp-content\/upload\/dsc01259.jpg' title='dsc01259.jpg'><img src='http:\/\/www.eva.sundstrom.st\/wp-content\/upload\/dsc01259.jpg' alt='dsc01259.jpg' \/><\/a><\/p>\n<p>Har l\u00e4st lite diskutioner om slit och sl\u00e4ng astrar. S\u00e5nna som s\u00e4ljs s\u00e5 h\u00e4r p\u00e5 h\u00f6sten.<br \/>\nDett \u00e4r just en s\u00e5n som jag tog vara p\u00e5 och gr\u00e4vder ner i rabatten.<br \/>\nR\u00f6dare i f\u00e4rgen \u00e4n dom jag hade tidigare.<\/p>\n<p>P\u00e5 stickorna sitter fortfarande gr\u00e5lle. Har tre m\u00f6nsterrapporter kvar och tio varv r\u00e4tstickning.<\/p>\n<p>Ha en bra dag. <\/p>\n","protected":false},"excerpt":{"rendered":"<p>Ledig dag som ser ut att bjuda p\u00e5 vackert v\u00e4der. Den sm\u00e5l\u00e4nska v\u00e5rkragen har slagit ut. Bjuder i dag p\u00e5 lite bilder fr\u00e5n tr\u00e4dg\u00e5rden som jag tagit och inte kunnat visa p\u00e5 grund av att bloggen kr\u00e5nglade. Nu verkar ju allt fungera igen. Den h\u00e4r ranukelst\u00e4llningen fick ocks\u00e5 blomma ut. Det \u00e4r den andra som [&hellip;]<\/p>\n","protected":false},"author":1,"featured_media":0,"comment_status":"open","ping_status":"open","sticky":false,"template":"","format":"standard","meta":{"footnotes":""},"categories":[1],"tags":[],"class_list":["post-371","post","type-post","status-publish","format-standard","hentry","category-uncategorized"],"_links":{"self":[{"href":"https:\/\/eva.sundstrom.st\/index.php?rest_route=\/wp\/v2\/posts\/371","targetHints":{"allow":["GET"]}}],"collection":[{"href":"https:\/\/eva.sundstrom.st\/index.php?rest_route=\/wp\/v2\/posts"}],"about":[{"href":"https:\/\/eva.sundstrom.st\/index.php?rest_route=\/wp\/v2\/types\/post"}],"author":[{"embeddable":true,"href":"https:\/\/eva.sundstrom.st\/index.php?rest_route=\/wp\/v2\/users\/1"}],"replies":[{"embeddable":true,"href":"https:\/\/eva.sundstrom.st\/index.php?rest_route=%2Fwp%2Fv2%2Fcomments&post=371"}],"version-history":[{"count":0,"href":"https:\/\/eva.sundstrom.st\/index.php?rest_route=\/wp\/v2\/posts\/371\/revisions"}],"wp:attachment":[{"href":"https:\/\/eva.sundstrom.st\/index.php?rest_route=%2Fwp%2Fv2%2Fmedia&parent=371"}],"wp:term":[{"taxonomy":"category","embeddable":true,"href":"https:\/\/eva.sundstrom.st\/index.php?rest_route=%2Fwp%2Fv2%2Fcategories&post=371"},{"taxonomy":"post_tag","embeddable":true,"href":"https:\/\/eva.sundstrom.st\/index.php?rest_route=%2Fwp%2Fv2%2Ftags&post=371"}],"curies":[{"name":"wp","href":"https:\/\/api.w.org\/{rel}","templated":true}]}}