{"id":377,"date":"2007-10-11T18:15:13","date_gmt":"2007-10-11T17:15:13","guid":{"rendered":"http:\/\/www.eva.sundstrom.st\/?p=377"},"modified":"2007-10-11T18:15:13","modified_gmt":"2007-10-11T17:15:13","slug":"hostregn","status":"publish","type":"post","link":"https:\/\/eva.sundstrom.st\/?p=377","title":{"rendered":"H"},"content":{"rendered":"<p>I dag hade jag t\u00e4nkt mig att jag skulle bli klar med allt ute i tr\u00e4dg\u00e5rden.<br \/>\nUnder g\u00e5rdagen blev det ju ingenting gjort. Ute allts\u00e5. Jag stickade en m\u00f6nsterrapport p\u00e5 gr\u00e5lle.<\/p>\n<p><a href='http:\/\/www.eva.sundstrom.st\/wp-content\/upload\/dsc01286.jpg' title='dsc01286.jpg'><img src='http:\/\/www.eva.sundstrom.st\/wp-content\/upload\/dsc01286.jpg' alt='dsc01286.jpg' \/><\/a><\/p>\n<p>\u00c4r glad att jag f\u00f6rra h\u00f6sten k\u00f6pte ett par nya fodrade gummist\u00f6vlar. Det var precis vad som beh\u00f6vdes i dag.<\/p>\n<p><a href='http:\/\/www.eva.sundstrom.st\/wp-content\/upload\/dsc01291.jpg' title='dsc01291.jpg'><img src='http:\/\/www.eva.sundstrom.st\/wp-content\/upload\/dsc01291.jpg' alt='dsc01291.jpg' \/><\/a><\/p>\n<p>Borde ha dragit p\u00e5 regnbyxorna ocks\u00e5. L\u00e5nade gubbens sydv\u00e4st. Ett aldeles utm\u00e4rkt kl\u00e4desaplagg en dag som denna.<\/p>\n<p>Nu \u00e4r det bara en korg kvar ute som ska t\u00f6mmas. Den \u00e4r s\u00e5 tung s\u00e5 jag v\u00e5gade mig inte p\u00e5 den. F\u00e5r inv\u00e4nta b\u00e4rhj\u00e4lp d\u00e4r.<br \/>\nEn hel del st\u00e5r nu i v\u00e4xthustet. Med det \u00e4r det ingen br\u00e5ska.<\/p>\n<p>\u00c5terst\u00e5r ocks\u00e5 en del som ska klippas ner. Och tulpanerna fr\u00e5n Amsterdam m\u00e5ste jag peta ner n\u00e5gon stans. N\u00e5gra krokusar och p\u00e5skliljor kom i jorden i m\u00e5ndags.<\/p>\n<p><a href='http:\/\/www.eva.sundstrom.st\/wp-content\/upload\/dsc01293.jpg' title='dsc01293.jpg'><img src='http:\/\/www.eva.sundstrom.st\/wp-content\/upload\/dsc01293.jpg' alt='dsc01293.jpg' \/><\/a> <\/p>\n<p>N\u00e5gra sm\u00e5 buketter fick jag med mig in. Kanske \u00e4r det sista g\u00e5ngen i \u00e5r som det g\u00e5r att s\u00e4tta in blommor fr\u00e5n tr\u00e4dg\u00e5rden.<\/p>\n<p>Lev v\u00e4l och m\u00e5 gott.<\/p>\n","protected":false},"excerpt":{"rendered":"<p>I dag hade jag t\u00e4nkt mig att jag skulle bli klar med allt ute i tr\u00e4dg\u00e5rden. Under g\u00e5rdagen blev det ju ingenting gjort. Ute allts\u00e5. Jag stickade en m\u00f6nsterrapport p\u00e5 gr\u00e5lle. \u00c4r glad att jag f\u00f6rra h\u00f6sten k\u00f6pte ett par nya fodrade gummist\u00f6vlar. Det var precis vad som beh\u00f6vdes i dag. Borde ha dragit p\u00e5 [&hellip;]<\/p>\n","protected":false},"author":1,"featured_media":0,"comment_status":"open","ping_status":"open","sticky":false,"template":"","format":"standard","meta":{"footnotes":""},"categories":[1],"tags":[],"class_list":["post-377","post","type-post","status-publish","format-standard","hentry","category-uncategorized"],"_links":{"self":[{"href":"https:\/\/eva.sundstrom.st\/index.php?rest_route=\/wp\/v2\/posts\/377","targetHints":{"allow":["GET"]}}],"collection":[{"href":"https:\/\/eva.sundstrom.st\/index.php?rest_route=\/wp\/v2\/posts"}],"about":[{"href":"https:\/\/eva.sundstrom.st\/index.php?rest_route=\/wp\/v2\/types\/post"}],"author":[{"embeddable":true,"href":"https:\/\/eva.sundstrom.st\/index.php?rest_route=\/wp\/v2\/users\/1"}],"replies":[{"embeddable":true,"href":"https:\/\/eva.sundstrom.st\/index.php?rest_route=%2Fwp%2Fv2%2Fcomments&post=377"}],"version-history":[{"count":0,"href":"https:\/\/eva.sundstrom.st\/index.php?rest_route=\/wp\/v2\/posts\/377\/revisions"}],"wp:attachment":[{"href":"https:\/\/eva.sundstrom.st\/index.php?rest_route=%2Fwp%2Fv2%2Fmedia&parent=377"}],"wp:term":[{"taxonomy":"category","embeddable":true,"href":"https:\/\/eva.sundstrom.st\/index.php?rest_route=%2Fwp%2Fv2%2Fcategories&post=377"},{"taxonomy":"post_tag","embeddable":true,"href":"https:\/\/eva.sundstrom.st\/index.php?rest_route=%2Fwp%2Fv2%2Ftags&post=377"}],"curies":[{"name":"wp","href":"https:\/\/api.w.org\/{rel}","templated":true}]}}