{"id":382,"date":"2007-10-20T17:16:39","date_gmt":"2007-10-20T16:16:39","guid":{"rendered":"http:\/\/www.eva.sundstrom.st\/?p=382"},"modified":"2007-10-20T17:16:39","modified_gmt":"2007-10-20T16:16:39","slug":"stada-och-vanta","status":"publish","type":"post","link":"https:\/\/eva.sundstrom.st\/?p=382","title":{"rendered":"St"},"content":{"rendered":"<p><a href='http:\/\/www.eva.sundstrom.st\/wp-content\/upload\/dsc01297.jpg' title='dsc01297.jpg'><img src='http:\/\/www.eva.sundstrom.st\/wp-content\/upload\/dsc01297.jpg' alt='dsc01297.jpg' \/><\/a><\/p>\n<p>V\u00e4lkommen in.<\/p>\n<p>Yngste sonen kommer hem fr\u00e5n Arjeplog i eftermiddag.<\/p>\n<p>Har st\u00e4dat i hans rum i dag.<br \/>\nHar en tendens att ta \u00f6ver det helt och fylla det med allehanda garn stickor och m\u00f6nster.<\/p>\n<p>Har b\u00e4ddat s\u00e4ngen ocks\u00e5.<\/p>\n<p>OK. Han kan b\u00e4dda sj\u00e4lv men han \u00e4r hemma s\u00e5 s\u00e4llan s\u00e5 jag vill g\u00e4rna g\u00f6ra det s\u00e5 den \u00e4r klar n\u00e4r han kommer. Sen f\u00e5r han sk\u00f6ta det sj\u00e4lv.<\/p>\n<p>S\u00e5 nu sitter jag h\u00e4r och v\u00e4ntar, och v\u00e4ntar&#8230;&#8230;&#8230;..<br \/>\nBad att dom skulle ringa  n\u00e4r det var dax att s\u00e4tta ig\u00e5ng lite mat.<\/p>\n<p>I mitt k\u00f6ksf\u00f6nster blommar det fortfarande pelargoner<\/p>\n<p><a href='http:\/\/www.eva.sundstrom.st\/wp-content\/upload\/dsc01322.jpg' title='dsc01322.jpg'><img src='http:\/\/www.eva.sundstrom.st\/wp-content\/upload\/dsc01322.jpg' alt='dsc01322.jpg' \/><\/a><\/p>\n<p>Ute i v\u00e4xthuset finns inte mycke kvar.<\/p>\n<p> <a href='http:\/\/www.eva.sundstrom.st\/wp-content\/upload\/dsc01313.jpg' title='dsc01313.jpg'><img src='http:\/\/www.eva.sundstrom.st\/wp-content\/upload\/dsc01313.jpg' alt='dsc01313.jpg' \/><\/a><\/p>\n<p>Det syns inte s\u00e5 j\u00e4ttebra, men denna krysantemum \u00e4r full av knopp.<\/p>\n<p>Om det bara kunde h\u00e5lla sig \u00f6ver nollan s\u00e5 den hinner sl\u00e5 ut. Har liksom ingen plats f\u00f6r den h\u00e4r inne.<\/p>\n<p><a href='http:\/\/www.eva.sundstrom.st\/wp-content\/upload\/dsc01314.jpg' title='dsc01314.jpg'><img src='http:\/\/www.eva.sundstrom.st\/wp-content\/upload\/dsc01314.jpg' alt='dsc01314.jpg' \/><\/a><\/p>\n<p>M\u00e5nga knoppar \u00e4r precis p\u00e5 v\u00e4g att sl\u00e5 ut.<\/p>\n<p>Den h\u00e4r vassa saken visar jag bara toppen p\u00e5. Var sv\u00e5rt att f\u00e5 med hela.<\/p>\n<p><a href='http:\/\/www.eva.sundstrom.st\/wp-content\/upload\/dsc01306.jpg' title='dsc01306.jpg'><img src='http:\/\/www.eva.sundstrom.st\/wp-content\/upload\/dsc01306.jpg' alt='dsc01306.jpg' \/><\/a><\/p>\n<p>Den f\u00f6rvisades till v\u00e4xthuset \u00f6ver sommaren och d\u00e4r trivdes den tydligen bra.<br \/>\nHar kommit med en massa nya  stickiga blad.<\/p>\n<p>Det h\u00e4r skottet fick jag av <a href=\"http:\/\/asas.tradgardsblogg.se\">\u00c5sa<\/a>, en tr\u00e4dg\u00e5rs bloggare, i v\u00e5ras.<\/p>\n<p><a href='http:\/\/www.eva.sundstrom.st\/wp-content\/upload\/dsc01307.jpg' title='dsc01307.jpg'><img src='http:\/\/www.eva.sundstrom.st\/wp-content\/upload\/dsc01307.jpg' alt='dsc01307.jpg' \/><\/a><\/p>\n<p>Den har tagit sig bra. <\/p>\n<p>\u00c5sa har skrivit om en f\u00e5gel som kvittrar n\u00e4r det blir f\u00f6r torrt i blommkurkan. Hennes f\u00e5gel var nu utvisad i en holk.<br \/>\nMin f\u00e5gel har aldrig sagt ett ljud. Och skulle jag h\u00f6ra den kvittra tror jag nog inte jag \u00e4r riktigt vid mina sinnen.<\/p>\n<p><a href='http:\/\/www.eva.sundstrom.st\/wp-content\/upload\/dsc01308.jpg' title='dsc01308.jpg'><img src='http:\/\/www.eva.sundstrom.st\/wp-content\/upload\/dsc01308.jpg' alt='dsc01308.jpg' \/><\/a><\/p>\n<p>Lite s\u00f6t tycker jag den \u00e4r d\u00e4r i sin kruka.<\/p>\n<p>P\u00e5 stickorna sitter fortfarande grolle. Det g\u00e5r l\u00e5ngsamt fram men&#8230;&#8230;..<br \/>\nP\u00e5 andra stickor sitter secretofthestole. Det \u00e5terst\u00e5r att se hur det g\u00e5r med den.<\/p>\n<p>Nu kan jag inte sitta stilla l\u00e4ngre. M\u00e5ste upp och r\u00f6ra p\u00e5 mig. Kanske spela lite musik och sticka och forts\u00e4tta v\u00e4nta.<\/p>\n<p>Mamma \u00e4r mamma och barna \u00e4r alltid barn.<\/p>\n<p>M\u00e5 gott och ha en bra helg.<\/p>\n","protected":false},"excerpt":{"rendered":"<p>V\u00e4lkommen in. Yngste sonen kommer hem fr\u00e5n Arjeplog i eftermiddag. Har st\u00e4dat i hans rum i dag. Har en tendens att ta \u00f6ver det helt och fylla det med allehanda garn stickor och m\u00f6nster. Har b\u00e4ddat s\u00e4ngen ocks\u00e5. OK. Han kan b\u00e4dda sj\u00e4lv men han \u00e4r hemma s\u00e5 s\u00e4llan s\u00e5 jag vill g\u00e4rna g\u00f6ra det [&hellip;]<\/p>\n","protected":false},"author":1,"featured_media":0,"comment_status":"open","ping_status":"open","sticky":false,"template":"","format":"standard","meta":{"footnotes":""},"categories":[1],"tags":[],"class_list":["post-382","post","type-post","status-publish","format-standard","hentry","category-uncategorized"],"_links":{"self":[{"href":"https:\/\/eva.sundstrom.st\/index.php?rest_route=\/wp\/v2\/posts\/382","targetHints":{"allow":["GET"]}}],"collection":[{"href":"https:\/\/eva.sundstrom.st\/index.php?rest_route=\/wp\/v2\/posts"}],"about":[{"href":"https:\/\/eva.sundstrom.st\/index.php?rest_route=\/wp\/v2\/types\/post"}],"author":[{"embeddable":true,"href":"https:\/\/eva.sundstrom.st\/index.php?rest_route=\/wp\/v2\/users\/1"}],"replies":[{"embeddable":true,"href":"https:\/\/eva.sundstrom.st\/index.php?rest_route=%2Fwp%2Fv2%2Fcomments&post=382"}],"version-history":[{"count":0,"href":"https:\/\/eva.sundstrom.st\/index.php?rest_route=\/wp\/v2\/posts\/382\/revisions"}],"wp:attachment":[{"href":"https:\/\/eva.sundstrom.st\/index.php?rest_route=%2Fwp%2Fv2%2Fmedia&parent=382"}],"wp:term":[{"taxonomy":"category","embeddable":true,"href":"https:\/\/eva.sundstrom.st\/index.php?rest_route=%2Fwp%2Fv2%2Fcategories&post=382"},{"taxonomy":"post_tag","embeddable":true,"href":"https:\/\/eva.sundstrom.st\/index.php?rest_route=%2Fwp%2Fv2%2Ftags&post=382"}],"curies":[{"name":"wp","href":"https:\/\/api.w.org\/{rel}","templated":true}]}}